{"id":15106,"date":"2025-03-12T14:51:43","date_gmt":"2025-03-12T14:51:43","guid":{"rendered":"https:\/\/addio.eu\/uncategorized-tr\/addio-ve-alierin-norvecteki-ortakligi\/"},"modified":"2026-01-23T09:14:31","modified_gmt":"2026-01-23T09:14:31","slug":"addio-ve-alierin-norvecteki-ortakligi","status":"publish","type":"post","link":"https:\/\/addio.eu\/tr\/haberler\/addio-ve-alierin-norvecteki-ortakligi\/","title":{"rendered":"Addio ve Alier&#8217;in Norve\u00e7&#8217;teki ortakl\u0131\u011f\u0131"},"content":{"rendered":"\n<p>Ge\u00e7mi\u015fi 1986&#8217;ya dayanan, Norve\u00e7&#8217;in en b\u00fcy\u00fck ara\u00e7 adaptasyon uzmanlar\u0131ndan biri olan Alier AS ile ortakl\u0131\u011f\u0131m\u0131z\u0131 duyurmaktan b\u00fcy\u00fck heyecan duyuyoruz. \u00dclke genelinde 11 lokasyonda faaliyet g\u00f6steren ve 100&#8217;den fazla profesyonel \u00e7al\u0131\u015fan\u0131 bulunan Alier AS, ara\u00e7 modifikasyonlar\u0131, \u0131s\u0131tma \u00e7\u00f6z\u00fcmleri ve \u00f6zel ekipman kurulumlar\u0131 dahil olmak \u00fczere kapsaml\u0131 bir hizmet yelpazesi sunmaktad\u0131r. Kalite ve inovasyona olan ba\u011fl\u0131l\u0131klar\u0131, m\u00fckemmelli\u011fe olan taahh\u00fcd\u00fcm\u00fczle m\u00fckemmel bir \u015fekilde \u00f6rt\u00fc\u015fmektedir ve birlikte b\u00fcy\u00fck ba\u015far\u0131lara imza atmay\u0131 sab\u0131rs\u0131zl\u0131kla bekliyoruz.  <\/p>\n\n<p><\/p>\n","protected":false},"excerpt":{"rendered":"<p>Kuzeyden g\u00fcneye 11 lokasyonu ile Norve\u00e7&#8217;in en b\u00fcy\u00fck ara\u00e7 adaptasyon uzmanlar\u0131ndan biri olan Alier AS ile ortakl\u0131\u011f\u0131m\u0131z\u0131 duyurmaktan b\u00fcy\u00fck heyecan duyuyoruz.<\/p>\n","protected":false},"author":4,"featured_media":15108,"comment_status":"open","ping_status":"open","sticky":false,"template":"","format":"standard","meta":{"footnotes":""},"categories":[503],"tags":[],"class_list":["post-15106","post","type-post","status-publish","format-standard","has-post-thumbnail","hentry","category-haberler"],"yoast_head":"<!-- This site is optimized with the Yoast SEO plugin v26.0 - https:\/\/yoast.com\/wordpress\/plugins\/seo\/ -->\n<title>Addio ve Alier&#039;in Norve\u00e7&#039;teki ortakl\u0131\u011f\u0131 - Addio Electronics<\/title>\n<meta name=\"robots\" content=\"index, follow, max-snippet:-1, max-image-preview:large, max-video-preview:-1\" \/>\n<link rel=\"canonical\" href=\"https:\/\/addio.eu\/tr\/haberler\/addio-ve-alierin-norvecteki-ortakligi\/\" \/>\n<meta property=\"og:locale\" content=\"tr_TR\" \/>\n<meta property=\"og:type\" content=\"article\" \/>\n<meta property=\"og:title\" content=\"Addio ve Alier&#039;in Norve\u00e7&#039;teki ortakl\u0131\u011f\u0131 - Addio Electronics\" \/>\n<meta property=\"og:description\" content=\"Kuzeyden g\u00fcneye 11 lokasyonu ile Norve\u00e7&#039;in en b\u00fcy\u00fck ara\u00e7 adaptasyon uzmanlar\u0131ndan biri olan Alier AS ile ortakl\u0131\u011f\u0131m\u0131z\u0131 duyurmaktan b\u00fcy\u00fck heyecan duyuyoruz.\" \/>\n<meta property=\"og:url\" content=\"https:\/\/addio.eu\/tr\/haberler\/addio-ve-alierin-norvecteki-ortakligi\/\" \/>\n<meta property=\"og:site_name\" content=\"Addio Electronics\" \/>\n<meta property=\"article:publisher\" content=\"https:\/\/www.facebook.com\/AddioElectronicsAB\/\" \/>\n<meta property=\"article:published_time\" content=\"2025-03-12T14:51:43+00:00\" \/>\n<meta property=\"article:modified_time\" content=\"2026-01-23T09:14:31+00:00\" \/>\n<meta property=\"og:image\" content=\"https:\/\/addio.eu\/wp-content\/uploads\/2025\/03\/Alier-logo.png\" \/>\n\t<meta property=\"og:image:width\" content=\"749\" \/>\n\t<meta property=\"og:image:height\" content=\"288\" \/>\n\t<meta property=\"og:image:type\" content=\"image\/png\" \/>\n<meta name=\"author\" content=\"Christian Str\u00f6mblad\" \/>\n<meta name=\"twitter:card\" content=\"summary_large_image\" \/>\n<meta name=\"twitter:label1\" content=\"Written by\" \/>\n\t<meta name=\"twitter:data1\" content=\"Christian Str\u00f6mblad\" \/>\n\t<meta name=\"twitter:label2\" content=\"Est. reading time\" \/>\n\t<meta name=\"twitter:data2\" content=\"1 dakika\" \/>\n<script type=\"application\/ld+json\" class=\"yoast-schema-graph\">{\"@context\":\"https:\/\/schema.org\",\"@graph\":[{\"@type\":\"Article\",\"@id\":\"https:\/\/addio.eu\/tr\/haberler\/addio-ve-alierin-norvecteki-ortakligi\/#article\",\"isPartOf\":{\"@id\":\"https:\/\/addio.eu\/tr\/haberler\/addio-ve-alierin-norvecteki-ortakligi\/\"},\"author\":{\"name\":\"Christian Str\u00f6mblad\",\"@id\":\"https:\/\/addio.eu\/tr\/#\/schema\/person\/91617accca4d373bec39ca5cf7df41ca\"},\"headline\":\"Addio ve Alier&#8217;in Norve\u00e7&#8217;teki ortakl\u0131\u011f\u0131\",\"datePublished\":\"2025-03-12T14:51:43+00:00\",\"dateModified\":\"2026-01-23T09:14:31+00:00\",\"mainEntityOfPage\":{\"@id\":\"https:\/\/addio.eu\/tr\/haberler\/addio-ve-alierin-norvecteki-ortakligi\/\"},\"wordCount\":106,\"commentCount\":0,\"publisher\":{\"@id\":\"https:\/\/addio.eu\/tr\/#organization\"},\"image\":{\"@id\":\"https:\/\/addio.eu\/tr\/haberler\/addio-ve-alierin-norvecteki-ortakligi\/#primaryimage\"},\"thumbnailUrl\":\"https:\/\/addio.eu\/wp-content\/uploads\/2025\/03\/Alier-logo.png\",\"articleSection\":[\"Haberler\"],\"inLanguage\":\"tr\",\"potentialAction\":[{\"@type\":\"CommentAction\",\"name\":\"Comment\",\"target\":[\"https:\/\/addio.eu\/tr\/haberler\/addio-ve-alierin-norvecteki-ortakligi\/#respond\"]}]},{\"@type\":\"WebPage\",\"@id\":\"https:\/\/addio.eu\/tr\/haberler\/addio-ve-alierin-norvecteki-ortakligi\/\",\"url\":\"https:\/\/addio.eu\/tr\/haberler\/addio-ve-alierin-norvecteki-ortakligi\/\",\"name\":\"Addio ve Alier'in Norve\u00e7'teki ortakl\u0131\u011f\u0131 - Addio Electronics\",\"isPartOf\":{\"@id\":\"https:\/\/addio.eu\/tr\/#website\"},\"primaryImageOfPage\":{\"@id\":\"https:\/\/addio.eu\/tr\/haberler\/addio-ve-alierin-norvecteki-ortakligi\/#primaryimage\"},\"image\":{\"@id\":\"https:\/\/addio.eu\/tr\/haberler\/addio-ve-alierin-norvecteki-ortakligi\/#primaryimage\"},\"thumbnailUrl\":\"https:\/\/addio.eu\/wp-content\/uploads\/2025\/03\/Alier-logo.png\",\"datePublished\":\"2025-03-12T14:51:43+00:00\",\"dateModified\":\"2026-01-23T09:14:31+00:00\",\"breadcrumb\":{\"@id\":\"https:\/\/addio.eu\/tr\/haberler\/addio-ve-alierin-norvecteki-ortakligi\/#breadcrumb\"},\"inLanguage\":\"tr\",\"potentialAction\":[{\"@type\":\"ReadAction\",\"target\":[\"https:\/\/addio.eu\/tr\/haberler\/addio-ve-alierin-norvecteki-ortakligi\/\"]}]},{\"@type\":\"ImageObject\",\"inLanguage\":\"tr\",\"@id\":\"https:\/\/addio.eu\/tr\/haberler\/addio-ve-alierin-norvecteki-ortakligi\/#primaryimage\",\"url\":\"https:\/\/addio.eu\/wp-content\/uploads\/2025\/03\/Alier-logo.png\",\"contentUrl\":\"https:\/\/addio.eu\/wp-content\/uploads\/2025\/03\/Alier-logo.png\",\"width\":749,\"height\":288},{\"@type\":\"BreadcrumbList\",\"@id\":\"https:\/\/addio.eu\/tr\/haberler\/addio-ve-alierin-norvecteki-ortakligi\/#breadcrumb\",\"itemListElement\":[{\"@type\":\"ListItem\",\"position\":1,\"name\":\"Home\",\"item\":\"https:\/\/addio.eu\/tr\/addio-ana-sayfa\/\"},{\"@type\":\"ListItem\",\"position\":2,\"name\":\"Addio ve Alier&#8217;in Norve\u00e7&#8217;teki ortakl\u0131\u011f\u0131\"}]},{\"@type\":\"WebSite\",\"@id\":\"https:\/\/addio.eu\/tr\/#website\",\"url\":\"https:\/\/addio.eu\/tr\/\",\"name\":\"addio.eu\",\"description\":\"\",\"publisher\":{\"@id\":\"https:\/\/addio.eu\/tr\/#organization\"},\"potentialAction\":[{\"@type\":\"SearchAction\",\"target\":{\"@type\":\"EntryPoint\",\"urlTemplate\":\"https:\/\/addio.eu\/tr\/?s={search_term_string}\"},\"query-input\":{\"@type\":\"PropertyValueSpecification\",\"valueRequired\":true,\"valueName\":\"search_term_string\"}}],\"inLanguage\":\"tr\"},{\"@type\":\"Organization\",\"@id\":\"https:\/\/addio.eu\/tr\/#organization\",\"name\":\"Addio Electronics\",\"url\":\"https:\/\/addio.eu\/tr\/\",\"logo\":{\"@type\":\"ImageObject\",\"inLanguage\":\"tr\",\"@id\":\"https:\/\/addio.eu\/tr\/#\/schema\/logo\/image\/\",\"url\":\"https:\/\/addio.eu\/wp-content\/uploads\/2024\/10\/Lager_1-1.svg\",\"contentUrl\":\"https:\/\/addio.eu\/wp-content\/uploads\/2024\/10\/Lager_1-1.svg\",\"width\":89,\"height\":26,\"caption\":\"Addio Electronics\"},\"image\":{\"@id\":\"https:\/\/addio.eu\/tr\/#\/schema\/logo\/image\/\"},\"sameAs\":[\"https:\/\/www.facebook.com\/AddioElectronicsAB\/\",\"https:\/\/www.linkedin.com\/company\/addio-electronics-ab\"]},{\"@type\":\"Person\",\"@id\":\"https:\/\/addio.eu\/tr\/#\/schema\/person\/91617accca4d373bec39ca5cf7df41ca\",\"name\":\"Christian Str\u00f6mblad\",\"image\":{\"@type\":\"ImageObject\",\"inLanguage\":\"tr\",\"@id\":\"https:\/\/addio.eu\/tr\/#\/schema\/person\/image\/\",\"url\":\"https:\/\/secure.gravatar.com\/avatar\/fc7e565630ef0437746d725dc8a496c3bcbbee2a95baf374b54b74dcbd3e4999?s=96&d=mm&r=g\",\"contentUrl\":\"https:\/\/secure.gravatar.com\/avatar\/fc7e565630ef0437746d725dc8a496c3bcbbee2a95baf374b54b74dcbd3e4999?s=96&d=mm&r=g\",\"caption\":\"Christian Str\u00f6mblad\"},\"sameAs\":[\"https:\/\/addio.eu\"],\"url\":\"https:\/\/addio.eu\/tr\/author\/christian-stromblad\/\"}]}<\/script>\n<!-- \/ Yoast SEO plugin. -->","yoast_head_json":{"title":"Addio ve Alier'in Norve\u00e7'teki ortakl\u0131\u011f\u0131 - Addio Electronics","robots":{"index":"index","follow":"follow","max-snippet":"max-snippet:-1","max-image-preview":"max-image-preview:large","max-video-preview":"max-video-preview:-1"},"canonical":"https:\/\/addio.eu\/tr\/haberler\/addio-ve-alierin-norvecteki-ortakligi\/","og_locale":"tr_TR","og_type":"article","og_title":"Addio ve Alier'in Norve\u00e7'teki ortakl\u0131\u011f\u0131 - Addio Electronics","og_description":"Kuzeyden g\u00fcneye 11 lokasyonu ile Norve\u00e7'in en b\u00fcy\u00fck ara\u00e7 adaptasyon uzmanlar\u0131ndan biri olan Alier AS ile ortakl\u0131\u011f\u0131m\u0131z\u0131 duyurmaktan b\u00fcy\u00fck heyecan duyuyoruz.","og_url":"https:\/\/addio.eu\/tr\/haberler\/addio-ve-alierin-norvecteki-ortakligi\/","og_site_name":"Addio Electronics","article_publisher":"https:\/\/www.facebook.com\/AddioElectronicsAB\/","article_published_time":"2025-03-12T14:51:43+00:00","article_modified_time":"2026-01-23T09:14:31+00:00","og_image":[{"width":749,"height":288,"url":"https:\/\/addio.eu\/wp-content\/uploads\/2025\/03\/Alier-logo.png","type":"image\/png"}],"author":"Christian Str\u00f6mblad","twitter_card":"summary_large_image","twitter_misc":{"Written by":"Christian Str\u00f6mblad","Est. reading time":"1 dakika"},"schema":{"@context":"https:\/\/schema.org","@graph":[{"@type":"Article","@id":"https:\/\/addio.eu\/tr\/haberler\/addio-ve-alierin-norvecteki-ortakligi\/#article","isPartOf":{"@id":"https:\/\/addio.eu\/tr\/haberler\/addio-ve-alierin-norvecteki-ortakligi\/"},"author":{"name":"Christian Str\u00f6mblad","@id":"https:\/\/addio.eu\/tr\/#\/schema\/person\/91617accca4d373bec39ca5cf7df41ca"},"headline":"Addio ve Alier&#8217;in Norve\u00e7&#8217;teki ortakl\u0131\u011f\u0131","datePublished":"2025-03-12T14:51:43+00:00","dateModified":"2026-01-23T09:14:31+00:00","mainEntityOfPage":{"@id":"https:\/\/addio.eu\/tr\/haberler\/addio-ve-alierin-norvecteki-ortakligi\/"},"wordCount":106,"commentCount":0,"publisher":{"@id":"https:\/\/addio.eu\/tr\/#organization"},"image":{"@id":"https:\/\/addio.eu\/tr\/haberler\/addio-ve-alierin-norvecteki-ortakligi\/#primaryimage"},"thumbnailUrl":"https:\/\/addio.eu\/wp-content\/uploads\/2025\/03\/Alier-logo.png","articleSection":["Haberler"],"inLanguage":"tr","potentialAction":[{"@type":"CommentAction","name":"Comment","target":["https:\/\/addio.eu\/tr\/haberler\/addio-ve-alierin-norvecteki-ortakligi\/#respond"]}]},{"@type":"WebPage","@id":"https:\/\/addio.eu\/tr\/haberler\/addio-ve-alierin-norvecteki-ortakligi\/","url":"https:\/\/addio.eu\/tr\/haberler\/addio-ve-alierin-norvecteki-ortakligi\/","name":"Addio ve Alier'in Norve\u00e7'teki ortakl\u0131\u011f\u0131 - Addio Electronics","isPartOf":{"@id":"https:\/\/addio.eu\/tr\/#website"},"primaryImageOfPage":{"@id":"https:\/\/addio.eu\/tr\/haberler\/addio-ve-alierin-norvecteki-ortakligi\/#primaryimage"},"image":{"@id":"https:\/\/addio.eu\/tr\/haberler\/addio-ve-alierin-norvecteki-ortakligi\/#primaryimage"},"thumbnailUrl":"https:\/\/addio.eu\/wp-content\/uploads\/2025\/03\/Alier-logo.png","datePublished":"2025-03-12T14:51:43+00:00","dateModified":"2026-01-23T09:14:31+00:00","breadcrumb":{"@id":"https:\/\/addio.eu\/tr\/haberler\/addio-ve-alierin-norvecteki-ortakligi\/#breadcrumb"},"inLanguage":"tr","potentialAction":[{"@type":"ReadAction","target":["https:\/\/addio.eu\/tr\/haberler\/addio-ve-alierin-norvecteki-ortakligi\/"]}]},{"@type":"ImageObject","inLanguage":"tr","@id":"https:\/\/addio.eu\/tr\/haberler\/addio-ve-alierin-norvecteki-ortakligi\/#primaryimage","url":"https:\/\/addio.eu\/wp-content\/uploads\/2025\/03\/Alier-logo.png","contentUrl":"https:\/\/addio.eu\/wp-content\/uploads\/2025\/03\/Alier-logo.png","width":749,"height":288},{"@type":"BreadcrumbList","@id":"https:\/\/addio.eu\/tr\/haberler\/addio-ve-alierin-norvecteki-ortakligi\/#breadcrumb","itemListElement":[{"@type":"ListItem","position":1,"name":"Home","item":"https:\/\/addio.eu\/tr\/addio-ana-sayfa\/"},{"@type":"ListItem","position":2,"name":"Addio ve Alier&#8217;in Norve\u00e7&#8217;teki ortakl\u0131\u011f\u0131"}]},{"@type":"WebSite","@id":"https:\/\/addio.eu\/tr\/#website","url":"https:\/\/addio.eu\/tr\/","name":"addio.eu","description":"","publisher":{"@id":"https:\/\/addio.eu\/tr\/#organization"},"potentialAction":[{"@type":"SearchAction","target":{"@type":"EntryPoint","urlTemplate":"https:\/\/addio.eu\/tr\/?s={search_term_string}"},"query-input":{"@type":"PropertyValueSpecification","valueRequired":true,"valueName":"search_term_string"}}],"inLanguage":"tr"},{"@type":"Organization","@id":"https:\/\/addio.eu\/tr\/#organization","name":"Addio Electronics","url":"https:\/\/addio.eu\/tr\/","logo":{"@type":"ImageObject","inLanguage":"tr","@id":"https:\/\/addio.eu\/tr\/#\/schema\/logo\/image\/","url":"https:\/\/addio.eu\/wp-content\/uploads\/2024\/10\/Lager_1-1.svg","contentUrl":"https:\/\/addio.eu\/wp-content\/uploads\/2024\/10\/Lager_1-1.svg","width":89,"height":26,"caption":"Addio Electronics"},"image":{"@id":"https:\/\/addio.eu\/tr\/#\/schema\/logo\/image\/"},"sameAs":["https:\/\/www.facebook.com\/AddioElectronicsAB\/","https:\/\/www.linkedin.com\/company\/addio-electronics-ab"]},{"@type":"Person","@id":"https:\/\/addio.eu\/tr\/#\/schema\/person\/91617accca4d373bec39ca5cf7df41ca","name":"Christian Str\u00f6mblad","image":{"@type":"ImageObject","inLanguage":"tr","@id":"https:\/\/addio.eu\/tr\/#\/schema\/person\/image\/","url":"https:\/\/secure.gravatar.com\/avatar\/fc7e565630ef0437746d725dc8a496c3bcbbee2a95baf374b54b74dcbd3e4999?s=96&d=mm&r=g","contentUrl":"https:\/\/secure.gravatar.com\/avatar\/fc7e565630ef0437746d725dc8a496c3bcbbee2a95baf374b54b74dcbd3e4999?s=96&d=mm&r=g","caption":"Christian Str\u00f6mblad"},"sameAs":["https:\/\/addio.eu"],"url":"https:\/\/addio.eu\/tr\/author\/christian-stromblad\/"}]}},"_links":{"self":[{"href":"https:\/\/addio.eu\/tr\/wp-json\/wp\/v2\/posts\/15106","targetHints":{"allow":["GET"]}}],"collection":[{"href":"https:\/\/addio.eu\/tr\/wp-json\/wp\/v2\/posts"}],"about":[{"href":"https:\/\/addio.eu\/tr\/wp-json\/wp\/v2\/types\/post"}],"author":[{"embeddable":true,"href":"https:\/\/addio.eu\/tr\/wp-json\/wp\/v2\/users\/4"}],"replies":[{"embeddable":true,"href":"https:\/\/addio.eu\/tr\/wp-json\/wp\/v2\/comments?post=15106"}],"version-history":[{"count":1,"href":"https:\/\/addio.eu\/tr\/wp-json\/wp\/v2\/posts\/15106\/revisions"}],"predecessor-version":[{"id":15109,"href":"https:\/\/addio.eu\/tr\/wp-json\/wp\/v2\/posts\/15106\/revisions\/15109"}],"wp:featuredmedia":[{"embeddable":true,"href":"https:\/\/addio.eu\/tr\/wp-json\/wp\/v2\/media\/15108"}],"wp:attachment":[{"href":"https:\/\/addio.eu\/tr\/wp-json\/wp\/v2\/media?parent=15106"}],"wp:term":[{"taxonomy":"category","embeddable":true,"href":"https:\/\/addio.eu\/tr\/wp-json\/wp\/v2\/categories?post=15106"},{"taxonomy":"post_tag","embeddable":true,"href":"https:\/\/addio.eu\/tr\/wp-json\/wp\/v2\/tags?post=15106"}],"curies":[{"name":"wp","href":"https:\/\/api.w.org\/{rel}","templated":true}]}}