{"id":9143,"date":"2025-02-03T09:06:00","date_gmt":"2025-02-03T09:06:00","guid":{"rendered":"https:\/\/addio.eu\/okategoriserad\/firar-vart-nya-kontor\/"},"modified":"2025-10-07T11:25:44","modified_gmt":"2025-10-07T11:25:44","slug":"firar-vart-nya-kontor","status":"publish","type":"post","link":"https:\/\/addio.eu\/sv\/nyheter\/firar-vart-nya-kontor\/","title":{"rendered":"Firar v\u00e5rt nya kontor"},"content":{"rendered":"\n<p><strong>En v\u00e4ldesignad arbetsplats som m\u00f6ter v\u00e5rt f\u00f6retags behov av samarbete, innovation och montering f\u00e5r oss att se fram emot att komma till jobbet varje dag. Stort tack till Exin V\u00e4ster\u00e5s f\u00f6r m\u00f6blerna! <\/strong><a href=\"https:\/\/www.linkedin.com\/search\/results\/all\/?keywords=%23recycling&amp;origin=HASH_TAG_FROM_FEED\">hashtag#\u00e5tervinning<\/a> <a href=\"https:\/\/www.linkedin.com\/search\/results\/all\/?keywords=%23startup&amp;origin=HASH_TAG_FROM_FEED\">hashtag#startup<\/a> <a href=\"https:\/\/www.linkedin.com\/search\/results\/all\/?keywords=%23goingglobal&amp;origin=HASH_TAG_FROM_FEED\">hashtag#goingglobal<\/a> <a href=\"https:\/\/www.linkedin.com\/search\/results\/all\/?keywords=%23exin&amp;origin=HASH_TAG_FROM_FEED\">hashtag#Exin<\/a><\/p>\n\n<p>Med v\u00e5rt nya kontor finns det gott om utrymme f\u00f6r nya skickliga teammedlemmar s\u00e5v\u00e4l som ett testrum, in- och utg\u00e5ende leveranser och montering. Kontoret ligger i V\u00e4ster\u00e5s, Sverige, n\u00e4ra v\u00e5ra leverant\u00f6rer och partners. <\/p>\n\n<p><\/p>\n","protected":false},"excerpt":{"rendered":"<p>En v\u00e4ldesignad arbetsplats som m\u00f6ter v\u00e5rt f\u00f6retags behov av samarbete, innovation och montering f\u00e5r oss att se fram emot att komma till jobbet varje dag.<\/p>\n","protected":false},"author":4,"featured_media":9145,"comment_status":"open","ping_status":"open","sticky":false,"template":"","format":"standard","meta":{"footnotes":""},"categories":[145],"tags":[],"class_list":["post-9143","post","type-post","status-publish","format-standard","has-post-thumbnail","hentry","category-nyheter"],"yoast_head":"<!-- This site is optimized with the Yoast SEO plugin v26.0 - https:\/\/yoast.com\/wordpress\/plugins\/seo\/ -->\n<title>Firar v\u00e5rt nya kontor - Addio Electronics<\/title>\n<meta name=\"robots\" content=\"index, follow, max-snippet:-1, max-image-preview:large, max-video-preview:-1\" \/>\n<link rel=\"canonical\" href=\"https:\/\/addio.eu\/sv\/nyheter\/firar-vart-nya-kontor\/\" \/>\n<meta property=\"og:locale\" content=\"sv_SE\" \/>\n<meta property=\"og:type\" content=\"article\" \/>\n<meta property=\"og:title\" content=\"Firar v\u00e5rt nya kontor - Addio Electronics\" \/>\n<meta property=\"og:description\" content=\"En v\u00e4ldesignad arbetsplats som m\u00f6ter v\u00e5rt f\u00f6retags behov av samarbete, innovation och montering f\u00e5r oss att se fram emot att komma till jobbet varje dag.\" \/>\n<meta property=\"og:url\" content=\"https:\/\/addio.eu\/sv\/nyheter\/firar-vart-nya-kontor\/\" \/>\n<meta property=\"og:site_name\" content=\"Addio Electronics\" \/>\n<meta property=\"article:publisher\" content=\"https:\/\/www.facebook.com\/AddioElectronicsAB\/\" \/>\n<meta property=\"article:published_time\" content=\"2025-02-03T09:06:00+00:00\" \/>\n<meta property=\"article:modified_time\" content=\"2025-10-07T11:25:44+00:00\" \/>\n<meta property=\"og:image\" content=\"https:\/\/addio.eu\/wp-content\/uploads\/2025\/03\/office.jpeg\" \/>\n\t<meta property=\"og:image:width\" content=\"2048\" \/>\n\t<meta property=\"og:image:height\" content=\"1454\" \/>\n\t<meta property=\"og:image:type\" content=\"image\/jpeg\" \/>\n<meta name=\"author\" content=\"Christian Str\u00f6mblad\" \/>\n<meta name=\"twitter:card\" content=\"summary_large_image\" \/>\n<meta name=\"twitter:label1\" content=\"Skriven av\" \/>\n\t<meta name=\"twitter:data1\" content=\"Christian Str\u00f6mblad\" \/>\n<script type=\"application\/ld+json\" class=\"yoast-schema-graph\">{\"@context\":\"https:\/\/schema.org\",\"@graph\":[{\"@type\":\"Article\",\"@id\":\"https:\/\/addio.eu\/sv\/nyheter\/firar-vart-nya-kontor\/#article\",\"isPartOf\":{\"@id\":\"https:\/\/addio.eu\/sv\/nyheter\/firar-vart-nya-kontor\/\"},\"author\":{\"name\":\"Christian Str\u00f6mblad\",\"@id\":\"https:\/\/addio.eu\/sv\/#\/schema\/person\/91617accca4d373bec39ca5cf7df41ca\"},\"headline\":\"Firar v\u00e5rt nya kontor\",\"datePublished\":\"2025-02-03T09:06:00+00:00\",\"dateModified\":\"2025-10-07T11:25:44+00:00\",\"mainEntityOfPage\":{\"@id\":\"https:\/\/addio.eu\/sv\/nyheter\/firar-vart-nya-kontor\/\"},\"wordCount\":97,\"commentCount\":0,\"publisher\":{\"@id\":\"https:\/\/addio.eu\/sv\/#organization\"},\"image\":{\"@id\":\"https:\/\/addio.eu\/sv\/nyheter\/firar-vart-nya-kontor\/#primaryimage\"},\"thumbnailUrl\":\"https:\/\/addio.eu\/wp-content\/uploads\/2025\/03\/office.jpeg\",\"articleSection\":[\"Nyheter\"],\"inLanguage\":\"sv-SE\",\"potentialAction\":[{\"@type\":\"CommentAction\",\"name\":\"Comment\",\"target\":[\"https:\/\/addio.eu\/sv\/nyheter\/firar-vart-nya-kontor\/#respond\"]}]},{\"@type\":\"WebPage\",\"@id\":\"https:\/\/addio.eu\/sv\/nyheter\/firar-vart-nya-kontor\/\",\"url\":\"https:\/\/addio.eu\/sv\/nyheter\/firar-vart-nya-kontor\/\",\"name\":\"Firar v\u00e5rt nya kontor - Addio Electronics\",\"isPartOf\":{\"@id\":\"https:\/\/addio.eu\/sv\/#website\"},\"primaryImageOfPage\":{\"@id\":\"https:\/\/addio.eu\/sv\/nyheter\/firar-vart-nya-kontor\/#primaryimage\"},\"image\":{\"@id\":\"https:\/\/addio.eu\/sv\/nyheter\/firar-vart-nya-kontor\/#primaryimage\"},\"thumbnailUrl\":\"https:\/\/addio.eu\/wp-content\/uploads\/2025\/03\/office.jpeg\",\"datePublished\":\"2025-02-03T09:06:00+00:00\",\"dateModified\":\"2025-10-07T11:25:44+00:00\",\"breadcrumb\":{\"@id\":\"https:\/\/addio.eu\/sv\/nyheter\/firar-vart-nya-kontor\/#breadcrumb\"},\"inLanguage\":\"sv-SE\",\"potentialAction\":[{\"@type\":\"ReadAction\",\"target\":[\"https:\/\/addio.eu\/sv\/nyheter\/firar-vart-nya-kontor\/\"]}]},{\"@type\":\"ImageObject\",\"inLanguage\":\"sv-SE\",\"@id\":\"https:\/\/addio.eu\/sv\/nyheter\/firar-vart-nya-kontor\/#primaryimage\",\"url\":\"https:\/\/addio.eu\/wp-content\/uploads\/2025\/03\/office.jpeg\",\"contentUrl\":\"https:\/\/addio.eu\/wp-content\/uploads\/2025\/03\/office.jpeg\",\"width\":2048,\"height\":1454},{\"@type\":\"BreadcrumbList\",\"@id\":\"https:\/\/addio.eu\/sv\/nyheter\/firar-vart-nya-kontor\/#breadcrumb\",\"itemListElement\":[{\"@type\":\"ListItem\",\"position\":1,\"name\":\"Home\",\"item\":\"https:\/\/addio.eu\/sv\/addios-startsida\/\"},{\"@type\":\"ListItem\",\"position\":2,\"name\":\"Firar v\u00e5rt nya kontor\"}]},{\"@type\":\"WebSite\",\"@id\":\"https:\/\/addio.eu\/sv\/#website\",\"url\":\"https:\/\/addio.eu\/sv\/\",\"name\":\"addio.eu\",\"description\":\"\",\"publisher\":{\"@id\":\"https:\/\/addio.eu\/sv\/#organization\"},\"potentialAction\":[{\"@type\":\"SearchAction\",\"target\":{\"@type\":\"EntryPoint\",\"urlTemplate\":\"https:\/\/addio.eu\/sv\/?s={search_term_string}\"},\"query-input\":{\"@type\":\"PropertyValueSpecification\",\"valueRequired\":true,\"valueName\":\"search_term_string\"}}],\"inLanguage\":\"sv-SE\"},{\"@type\":\"Organization\",\"@id\":\"https:\/\/addio.eu\/sv\/#organization\",\"name\":\"Addio electronics\",\"url\":\"https:\/\/addio.eu\/sv\/\",\"logo\":{\"@type\":\"ImageObject\",\"inLanguage\":\"sv-SE\",\"@id\":\"https:\/\/addio.eu\/sv\/#\/schema\/logo\/image\/\",\"url\":\"https:\/\/addio.eu\/wp-content\/uploads\/2024\/10\/Lager_1-1.svg\",\"contentUrl\":\"https:\/\/addio.eu\/wp-content\/uploads\/2024\/10\/Lager_1-1.svg\",\"caption\":\"Addio electronics\"},\"image\":{\"@id\":\"https:\/\/addio.eu\/sv\/#\/schema\/logo\/image\/\"},\"sameAs\":[\"https:\/\/www.facebook.com\/AddioElectronicsAB\/\",\"https:\/\/www.linkedin.com\/company\/addio-electronics-ab\"]},{\"@type\":\"Person\",\"@id\":\"https:\/\/addio.eu\/sv\/#\/schema\/person\/91617accca4d373bec39ca5cf7df41ca\",\"name\":\"Christian Str\u00f6mblad\",\"image\":{\"@type\":\"ImageObject\",\"inLanguage\":\"sv-SE\",\"@id\":\"https:\/\/addio.eu\/sv\/#\/schema\/person\/image\/\",\"url\":\"https:\/\/secure.gravatar.com\/avatar\/fc7e565630ef0437746d725dc8a496c3bcbbee2a95baf374b54b74dcbd3e4999?s=96&d=mm&r=g\",\"contentUrl\":\"https:\/\/secure.gravatar.com\/avatar\/fc7e565630ef0437746d725dc8a496c3bcbbee2a95baf374b54b74dcbd3e4999?s=96&d=mm&r=g\",\"caption\":\"Christian Str\u00f6mblad\"},\"sameAs\":[\"https:\/\/addio.eu\"],\"url\":\"https:\/\/addio.eu\/sv\/author\/christian-stromblad\/\"}]}<\/script>\n<!-- \/ Yoast SEO plugin. -->","yoast_head_json":{"title":"Firar v\u00e5rt nya kontor - Addio Electronics","robots":{"index":"index","follow":"follow","max-snippet":"max-snippet:-1","max-image-preview":"max-image-preview:large","max-video-preview":"max-video-preview:-1"},"canonical":"https:\/\/addio.eu\/sv\/nyheter\/firar-vart-nya-kontor\/","og_locale":"sv_SE","og_type":"article","og_title":"Firar v\u00e5rt nya kontor - Addio Electronics","og_description":"En v\u00e4ldesignad arbetsplats som m\u00f6ter v\u00e5rt f\u00f6retags behov av samarbete, innovation och montering f\u00e5r oss att se fram emot att komma till jobbet varje dag.","og_url":"https:\/\/addio.eu\/sv\/nyheter\/firar-vart-nya-kontor\/","og_site_name":"Addio Electronics","article_publisher":"https:\/\/www.facebook.com\/AddioElectronicsAB\/","article_published_time":"2025-02-03T09:06:00+00:00","article_modified_time":"2025-10-07T11:25:44+00:00","og_image":[{"width":2048,"height":1454,"url":"https:\/\/addio.eu\/wp-content\/uploads\/2025\/03\/office.jpeg","type":"image\/jpeg"}],"author":"Christian Str\u00f6mblad","twitter_card":"summary_large_image","twitter_misc":{"Skriven av":"Christian Str\u00f6mblad"},"schema":{"@context":"https:\/\/schema.org","@graph":[{"@type":"Article","@id":"https:\/\/addio.eu\/sv\/nyheter\/firar-vart-nya-kontor\/#article","isPartOf":{"@id":"https:\/\/addio.eu\/sv\/nyheter\/firar-vart-nya-kontor\/"},"author":{"name":"Christian Str\u00f6mblad","@id":"https:\/\/addio.eu\/sv\/#\/schema\/person\/91617accca4d373bec39ca5cf7df41ca"},"headline":"Firar v\u00e5rt nya kontor","datePublished":"2025-02-03T09:06:00+00:00","dateModified":"2025-10-07T11:25:44+00:00","mainEntityOfPage":{"@id":"https:\/\/addio.eu\/sv\/nyheter\/firar-vart-nya-kontor\/"},"wordCount":97,"commentCount":0,"publisher":{"@id":"https:\/\/addio.eu\/sv\/#organization"},"image":{"@id":"https:\/\/addio.eu\/sv\/nyheter\/firar-vart-nya-kontor\/#primaryimage"},"thumbnailUrl":"https:\/\/addio.eu\/wp-content\/uploads\/2025\/03\/office.jpeg","articleSection":["Nyheter"],"inLanguage":"sv-SE","potentialAction":[{"@type":"CommentAction","name":"Comment","target":["https:\/\/addio.eu\/sv\/nyheter\/firar-vart-nya-kontor\/#respond"]}]},{"@type":"WebPage","@id":"https:\/\/addio.eu\/sv\/nyheter\/firar-vart-nya-kontor\/","url":"https:\/\/addio.eu\/sv\/nyheter\/firar-vart-nya-kontor\/","name":"Firar v\u00e5rt nya kontor - Addio Electronics","isPartOf":{"@id":"https:\/\/addio.eu\/sv\/#website"},"primaryImageOfPage":{"@id":"https:\/\/addio.eu\/sv\/nyheter\/firar-vart-nya-kontor\/#primaryimage"},"image":{"@id":"https:\/\/addio.eu\/sv\/nyheter\/firar-vart-nya-kontor\/#primaryimage"},"thumbnailUrl":"https:\/\/addio.eu\/wp-content\/uploads\/2025\/03\/office.jpeg","datePublished":"2025-02-03T09:06:00+00:00","dateModified":"2025-10-07T11:25:44+00:00","breadcrumb":{"@id":"https:\/\/addio.eu\/sv\/nyheter\/firar-vart-nya-kontor\/#breadcrumb"},"inLanguage":"sv-SE","potentialAction":[{"@type":"ReadAction","target":["https:\/\/addio.eu\/sv\/nyheter\/firar-vart-nya-kontor\/"]}]},{"@type":"ImageObject","inLanguage":"sv-SE","@id":"https:\/\/addio.eu\/sv\/nyheter\/firar-vart-nya-kontor\/#primaryimage","url":"https:\/\/addio.eu\/wp-content\/uploads\/2025\/03\/office.jpeg","contentUrl":"https:\/\/addio.eu\/wp-content\/uploads\/2025\/03\/office.jpeg","width":2048,"height":1454},{"@type":"BreadcrumbList","@id":"https:\/\/addio.eu\/sv\/nyheter\/firar-vart-nya-kontor\/#breadcrumb","itemListElement":[{"@type":"ListItem","position":1,"name":"Home","item":"https:\/\/addio.eu\/sv\/addios-startsida\/"},{"@type":"ListItem","position":2,"name":"Firar v\u00e5rt nya kontor"}]},{"@type":"WebSite","@id":"https:\/\/addio.eu\/sv\/#website","url":"https:\/\/addio.eu\/sv\/","name":"addio.eu","description":"","publisher":{"@id":"https:\/\/addio.eu\/sv\/#organization"},"potentialAction":[{"@type":"SearchAction","target":{"@type":"EntryPoint","urlTemplate":"https:\/\/addio.eu\/sv\/?s={search_term_string}"},"query-input":{"@type":"PropertyValueSpecification","valueRequired":true,"valueName":"search_term_string"}}],"inLanguage":"sv-SE"},{"@type":"Organization","@id":"https:\/\/addio.eu\/sv\/#organization","name":"Addio electronics","url":"https:\/\/addio.eu\/sv\/","logo":{"@type":"ImageObject","inLanguage":"sv-SE","@id":"https:\/\/addio.eu\/sv\/#\/schema\/logo\/image\/","url":"https:\/\/addio.eu\/wp-content\/uploads\/2024\/10\/Lager_1-1.svg","contentUrl":"https:\/\/addio.eu\/wp-content\/uploads\/2024\/10\/Lager_1-1.svg","caption":"Addio electronics"},"image":{"@id":"https:\/\/addio.eu\/sv\/#\/schema\/logo\/image\/"},"sameAs":["https:\/\/www.facebook.com\/AddioElectronicsAB\/","https:\/\/www.linkedin.com\/company\/addio-electronics-ab"]},{"@type":"Person","@id":"https:\/\/addio.eu\/sv\/#\/schema\/person\/91617accca4d373bec39ca5cf7df41ca","name":"Christian Str\u00f6mblad","image":{"@type":"ImageObject","inLanguage":"sv-SE","@id":"https:\/\/addio.eu\/sv\/#\/schema\/person\/image\/","url":"https:\/\/secure.gravatar.com\/avatar\/fc7e565630ef0437746d725dc8a496c3bcbbee2a95baf374b54b74dcbd3e4999?s=96&d=mm&r=g","contentUrl":"https:\/\/secure.gravatar.com\/avatar\/fc7e565630ef0437746d725dc8a496c3bcbbee2a95baf374b54b74dcbd3e4999?s=96&d=mm&r=g","caption":"Christian Str\u00f6mblad"},"sameAs":["https:\/\/addio.eu"],"url":"https:\/\/addio.eu\/sv\/author\/christian-stromblad\/"}]}},"_links":{"self":[{"href":"https:\/\/addio.eu\/sv\/wp-json\/wp\/v2\/posts\/9143","targetHints":{"allow":["GET"]}}],"collection":[{"href":"https:\/\/addio.eu\/sv\/wp-json\/wp\/v2\/posts"}],"about":[{"href":"https:\/\/addio.eu\/sv\/wp-json\/wp\/v2\/types\/post"}],"author":[{"embeddable":true,"href":"https:\/\/addio.eu\/sv\/wp-json\/wp\/v2\/users\/4"}],"replies":[{"embeddable":true,"href":"https:\/\/addio.eu\/sv\/wp-json\/wp\/v2\/comments?post=9143"}],"version-history":[{"count":1,"href":"https:\/\/addio.eu\/sv\/wp-json\/wp\/v2\/posts\/9143\/revisions"}],"predecessor-version":[{"id":9147,"href":"https:\/\/addio.eu\/sv\/wp-json\/wp\/v2\/posts\/9143\/revisions\/9147"}],"wp:featuredmedia":[{"embeddable":true,"href":"https:\/\/addio.eu\/sv\/wp-json\/wp\/v2\/media\/9145"}],"wp:attachment":[{"href":"https:\/\/addio.eu\/sv\/wp-json\/wp\/v2\/media?parent=9143"}],"wp:term":[{"taxonomy":"category","embeddable":true,"href":"https:\/\/addio.eu\/sv\/wp-json\/wp\/v2\/categories?post=9143"},{"taxonomy":"post_tag","embeddable":true,"href":"https:\/\/addio.eu\/sv\/wp-json\/wp\/v2\/tags?post=9143"}],"curies":[{"name":"wp","href":"https:\/\/api.w.org\/{rel}","templated":true}]}}