{"id":9092,"date":"2025-03-12T14:51:43","date_gmt":"2025-03-12T14:51:43","guid":{"rendered":"https:\/\/addio.eu\/okategoriserad\/addio-och-alier-i-partnerskap-i-norge\/"},"modified":"2025-10-07T11:25:20","modified_gmt":"2025-10-07T11:25:20","slug":"addio-och-alier-i-partnerskap-i-norge","status":"publish","type":"post","link":"https:\/\/addio.eu\/sv\/nyheter\/addio-och-alier-i-partnerskap-i-norge\/","title":{"rendered":"Addio och Alier i partnerskap i Norge"},"content":{"rendered":"\n<p>Vi \u00e4r glada att meddela v\u00e5rt partnerskap med Alier AS, en av Norges st\u00f6rsta specialister inom fordonsanpassning med en historia som str\u00e4cker sig tillbaka till 1986. Alier AS har 11 anl\u00e4ggningar \u00f6ver hela landet och syssels\u00e4tter \u00f6ver 100 yrkesverksamma och erbjuder ett omfattande utbud av tj\u00e4nster, inklusive fordonsmodifieringar, v\u00e4rmel\u00f6sningar och installationer av specialutrustning. Deras engagemang f\u00f6r kvalitet och innovation st\u00e4mmer perfekt \u00f6verens med v\u00e5rt engagemang f\u00f6r excellens, och vi ser fram emot att uppn\u00e5 stora saker tillsammans.  <\/p>\n\n<p><\/p>\n","protected":false},"excerpt":{"rendered":"<p>Vi \u00e4r glada att meddela v\u00e5rt partnerskap med Alier AS, en av Norges st\u00f6rsta specialister inom fordonsanpassning med 11 anl\u00e4ggningar fr\u00e5n norr till s\u00f6der.<\/p>\n","protected":false},"author":4,"featured_media":9095,"comment_status":"open","ping_status":"open","sticky":false,"template":"","format":"standard","meta":{"footnotes":""},"categories":[145],"tags":[],"class_list":["post-9092","post","type-post","status-publish","format-standard","has-post-thumbnail","hentry","category-nyheter"],"yoast_head":"<!-- This site is optimized with the Yoast SEO plugin v26.0 - https:\/\/yoast.com\/wordpress\/plugins\/seo\/ -->\n<title>Addio och Alier i partnerskap i Norge - Addio Electronics<\/title>\n<meta name=\"robots\" content=\"index, follow, max-snippet:-1, max-image-preview:large, max-video-preview:-1\" \/>\n<link rel=\"canonical\" href=\"https:\/\/addio.eu\/sv\/nyheter\/addio-och-alier-i-partnerskap-i-norge\/\" \/>\n<meta property=\"og:locale\" content=\"sv_SE\" \/>\n<meta property=\"og:type\" content=\"article\" \/>\n<meta property=\"og:title\" content=\"Addio och Alier i partnerskap i Norge - Addio Electronics\" \/>\n<meta property=\"og:description\" content=\"Vi \u00e4r glada att meddela v\u00e5rt partnerskap med Alier AS, en av Norges st\u00f6rsta specialister inom fordonsanpassning med 11 anl\u00e4ggningar fr\u00e5n norr till s\u00f6der.\" \/>\n<meta property=\"og:url\" content=\"https:\/\/addio.eu\/sv\/nyheter\/addio-och-alier-i-partnerskap-i-norge\/\" \/>\n<meta property=\"og:site_name\" content=\"Addio Electronics\" \/>\n<meta property=\"article:publisher\" content=\"https:\/\/www.facebook.com\/AddioElectronicsAB\/\" \/>\n<meta property=\"article:published_time\" content=\"2025-03-12T14:51:43+00:00\" \/>\n<meta property=\"article:modified_time\" content=\"2025-10-07T11:25:20+00:00\" \/>\n<meta property=\"og:image\" content=\"https:\/\/addio.eu\/wp-content\/uploads\/2025\/03\/Alier-logo.png\" \/>\n\t<meta property=\"og:image:width\" content=\"749\" \/>\n\t<meta property=\"og:image:height\" content=\"288\" \/>\n\t<meta property=\"og:image:type\" content=\"image\/png\" \/>\n<meta name=\"author\" content=\"Christian Str\u00f6mblad\" \/>\n<meta name=\"twitter:card\" content=\"summary_large_image\" \/>\n<meta name=\"twitter:label1\" content=\"Skriven av\" \/>\n\t<meta name=\"twitter:data1\" content=\"Christian Str\u00f6mblad\" \/>\n<script type=\"application\/ld+json\" class=\"yoast-schema-graph\">{\"@context\":\"https:\/\/schema.org\",\"@graph\":[{\"@type\":\"Article\",\"@id\":\"https:\/\/addio.eu\/sv\/nyheter\/addio-och-alier-i-partnerskap-i-norge\/#article\",\"isPartOf\":{\"@id\":\"https:\/\/addio.eu\/sv\/nyheter\/addio-och-alier-i-partnerskap-i-norge\/\"},\"author\":{\"name\":\"Christian Str\u00f6mblad\",\"@id\":\"https:\/\/addio.eu\/sv\/#\/schema\/person\/91617accca4d373bec39ca5cf7df41ca\"},\"headline\":\"Addio och Alier i partnerskap i Norge\",\"datePublished\":\"2025-03-12T14:51:43+00:00\",\"dateModified\":\"2025-10-07T11:25:20+00:00\",\"mainEntityOfPage\":{\"@id\":\"https:\/\/addio.eu\/sv\/nyheter\/addio-och-alier-i-partnerskap-i-norge\/\"},\"wordCount\":93,\"commentCount\":0,\"publisher\":{\"@id\":\"https:\/\/addio.eu\/sv\/#organization\"},\"image\":{\"@id\":\"https:\/\/addio.eu\/sv\/nyheter\/addio-och-alier-i-partnerskap-i-norge\/#primaryimage\"},\"thumbnailUrl\":\"https:\/\/addio.eu\/wp-content\/uploads\/2025\/03\/Alier-logo.png\",\"articleSection\":[\"Nyheter\"],\"inLanguage\":\"sv-SE\",\"potentialAction\":[{\"@type\":\"CommentAction\",\"name\":\"Comment\",\"target\":[\"https:\/\/addio.eu\/sv\/nyheter\/addio-och-alier-i-partnerskap-i-norge\/#respond\"]}]},{\"@type\":\"WebPage\",\"@id\":\"https:\/\/addio.eu\/sv\/nyheter\/addio-och-alier-i-partnerskap-i-norge\/\",\"url\":\"https:\/\/addio.eu\/sv\/nyheter\/addio-och-alier-i-partnerskap-i-norge\/\",\"name\":\"Addio och Alier i partnerskap i Norge - Addio Electronics\",\"isPartOf\":{\"@id\":\"https:\/\/addio.eu\/sv\/#website\"},\"primaryImageOfPage\":{\"@id\":\"https:\/\/addio.eu\/sv\/nyheter\/addio-och-alier-i-partnerskap-i-norge\/#primaryimage\"},\"image\":{\"@id\":\"https:\/\/addio.eu\/sv\/nyheter\/addio-och-alier-i-partnerskap-i-norge\/#primaryimage\"},\"thumbnailUrl\":\"https:\/\/addio.eu\/wp-content\/uploads\/2025\/03\/Alier-logo.png\",\"datePublished\":\"2025-03-12T14:51:43+00:00\",\"dateModified\":\"2025-10-07T11:25:20+00:00\",\"breadcrumb\":{\"@id\":\"https:\/\/addio.eu\/sv\/nyheter\/addio-och-alier-i-partnerskap-i-norge\/#breadcrumb\"},\"inLanguage\":\"sv-SE\",\"potentialAction\":[{\"@type\":\"ReadAction\",\"target\":[\"https:\/\/addio.eu\/sv\/nyheter\/addio-och-alier-i-partnerskap-i-norge\/\"]}]},{\"@type\":\"ImageObject\",\"inLanguage\":\"sv-SE\",\"@id\":\"https:\/\/addio.eu\/sv\/nyheter\/addio-och-alier-i-partnerskap-i-norge\/#primaryimage\",\"url\":\"https:\/\/addio.eu\/wp-content\/uploads\/2025\/03\/Alier-logo.png\",\"contentUrl\":\"https:\/\/addio.eu\/wp-content\/uploads\/2025\/03\/Alier-logo.png\",\"width\":749,\"height\":288},{\"@type\":\"BreadcrumbList\",\"@id\":\"https:\/\/addio.eu\/sv\/nyheter\/addio-och-alier-i-partnerskap-i-norge\/#breadcrumb\",\"itemListElement\":[{\"@type\":\"ListItem\",\"position\":1,\"name\":\"Home\",\"item\":\"https:\/\/addio.eu\/sv\/addios-startsida\/\"},{\"@type\":\"ListItem\",\"position\":2,\"name\":\"Addio och Alier i partnerskap i Norge\"}]},{\"@type\":\"WebSite\",\"@id\":\"https:\/\/addio.eu\/sv\/#website\",\"url\":\"https:\/\/addio.eu\/sv\/\",\"name\":\"addio.eu\",\"description\":\"\",\"publisher\":{\"@id\":\"https:\/\/addio.eu\/sv\/#organization\"},\"potentialAction\":[{\"@type\":\"SearchAction\",\"target\":{\"@type\":\"EntryPoint\",\"urlTemplate\":\"https:\/\/addio.eu\/sv\/?s={search_term_string}\"},\"query-input\":{\"@type\":\"PropertyValueSpecification\",\"valueRequired\":true,\"valueName\":\"search_term_string\"}}],\"inLanguage\":\"sv-SE\"},{\"@type\":\"Organization\",\"@id\":\"https:\/\/addio.eu\/sv\/#organization\",\"name\":\"Addio electronics\",\"url\":\"https:\/\/addio.eu\/sv\/\",\"logo\":{\"@type\":\"ImageObject\",\"inLanguage\":\"sv-SE\",\"@id\":\"https:\/\/addio.eu\/sv\/#\/schema\/logo\/image\/\",\"url\":\"https:\/\/addio.eu\/wp-content\/uploads\/2024\/10\/Lager_1-1.svg\",\"contentUrl\":\"https:\/\/addio.eu\/wp-content\/uploads\/2024\/10\/Lager_1-1.svg\",\"caption\":\"Addio electronics\"},\"image\":{\"@id\":\"https:\/\/addio.eu\/sv\/#\/schema\/logo\/image\/\"},\"sameAs\":[\"https:\/\/www.facebook.com\/AddioElectronicsAB\/\",\"https:\/\/www.linkedin.com\/company\/addio-electronics-ab\"]},{\"@type\":\"Person\",\"@id\":\"https:\/\/addio.eu\/sv\/#\/schema\/person\/91617accca4d373bec39ca5cf7df41ca\",\"name\":\"Christian Str\u00f6mblad\",\"image\":{\"@type\":\"ImageObject\",\"inLanguage\":\"sv-SE\",\"@id\":\"https:\/\/addio.eu\/sv\/#\/schema\/person\/image\/\",\"url\":\"https:\/\/secure.gravatar.com\/avatar\/fc7e565630ef0437746d725dc8a496c3bcbbee2a95baf374b54b74dcbd3e4999?s=96&d=mm&r=g\",\"contentUrl\":\"https:\/\/secure.gravatar.com\/avatar\/fc7e565630ef0437746d725dc8a496c3bcbbee2a95baf374b54b74dcbd3e4999?s=96&d=mm&r=g\",\"caption\":\"Christian Str\u00f6mblad\"},\"sameAs\":[\"https:\/\/addio.eu\"],\"url\":\"https:\/\/addio.eu\/sv\/author\/christian-stromblad\/\"}]}<\/script>\n<!-- \/ Yoast SEO plugin. -->","yoast_head_json":{"title":"Addio och Alier i partnerskap i Norge - Addio Electronics","robots":{"index":"index","follow":"follow","max-snippet":"max-snippet:-1","max-image-preview":"max-image-preview:large","max-video-preview":"max-video-preview:-1"},"canonical":"https:\/\/addio.eu\/sv\/nyheter\/addio-och-alier-i-partnerskap-i-norge\/","og_locale":"sv_SE","og_type":"article","og_title":"Addio och Alier i partnerskap i Norge - Addio Electronics","og_description":"Vi \u00e4r glada att meddela v\u00e5rt partnerskap med Alier AS, en av Norges st\u00f6rsta specialister inom fordonsanpassning med 11 anl\u00e4ggningar fr\u00e5n norr till s\u00f6der.","og_url":"https:\/\/addio.eu\/sv\/nyheter\/addio-och-alier-i-partnerskap-i-norge\/","og_site_name":"Addio Electronics","article_publisher":"https:\/\/www.facebook.com\/AddioElectronicsAB\/","article_published_time":"2025-03-12T14:51:43+00:00","article_modified_time":"2025-10-07T11:25:20+00:00","og_image":[{"width":749,"height":288,"url":"https:\/\/addio.eu\/wp-content\/uploads\/2025\/03\/Alier-logo.png","type":"image\/png"}],"author":"Christian Str\u00f6mblad","twitter_card":"summary_large_image","twitter_misc":{"Skriven av":"Christian Str\u00f6mblad"},"schema":{"@context":"https:\/\/schema.org","@graph":[{"@type":"Article","@id":"https:\/\/addio.eu\/sv\/nyheter\/addio-och-alier-i-partnerskap-i-norge\/#article","isPartOf":{"@id":"https:\/\/addio.eu\/sv\/nyheter\/addio-och-alier-i-partnerskap-i-norge\/"},"author":{"name":"Christian Str\u00f6mblad","@id":"https:\/\/addio.eu\/sv\/#\/schema\/person\/91617accca4d373bec39ca5cf7df41ca"},"headline":"Addio och Alier i partnerskap i Norge","datePublished":"2025-03-12T14:51:43+00:00","dateModified":"2025-10-07T11:25:20+00:00","mainEntityOfPage":{"@id":"https:\/\/addio.eu\/sv\/nyheter\/addio-och-alier-i-partnerskap-i-norge\/"},"wordCount":93,"commentCount":0,"publisher":{"@id":"https:\/\/addio.eu\/sv\/#organization"},"image":{"@id":"https:\/\/addio.eu\/sv\/nyheter\/addio-och-alier-i-partnerskap-i-norge\/#primaryimage"},"thumbnailUrl":"https:\/\/addio.eu\/wp-content\/uploads\/2025\/03\/Alier-logo.png","articleSection":["Nyheter"],"inLanguage":"sv-SE","potentialAction":[{"@type":"CommentAction","name":"Comment","target":["https:\/\/addio.eu\/sv\/nyheter\/addio-och-alier-i-partnerskap-i-norge\/#respond"]}]},{"@type":"WebPage","@id":"https:\/\/addio.eu\/sv\/nyheter\/addio-och-alier-i-partnerskap-i-norge\/","url":"https:\/\/addio.eu\/sv\/nyheter\/addio-och-alier-i-partnerskap-i-norge\/","name":"Addio och Alier i partnerskap i Norge - Addio Electronics","isPartOf":{"@id":"https:\/\/addio.eu\/sv\/#website"},"primaryImageOfPage":{"@id":"https:\/\/addio.eu\/sv\/nyheter\/addio-och-alier-i-partnerskap-i-norge\/#primaryimage"},"image":{"@id":"https:\/\/addio.eu\/sv\/nyheter\/addio-och-alier-i-partnerskap-i-norge\/#primaryimage"},"thumbnailUrl":"https:\/\/addio.eu\/wp-content\/uploads\/2025\/03\/Alier-logo.png","datePublished":"2025-03-12T14:51:43+00:00","dateModified":"2025-10-07T11:25:20+00:00","breadcrumb":{"@id":"https:\/\/addio.eu\/sv\/nyheter\/addio-och-alier-i-partnerskap-i-norge\/#breadcrumb"},"inLanguage":"sv-SE","potentialAction":[{"@type":"ReadAction","target":["https:\/\/addio.eu\/sv\/nyheter\/addio-och-alier-i-partnerskap-i-norge\/"]}]},{"@type":"ImageObject","inLanguage":"sv-SE","@id":"https:\/\/addio.eu\/sv\/nyheter\/addio-och-alier-i-partnerskap-i-norge\/#primaryimage","url":"https:\/\/addio.eu\/wp-content\/uploads\/2025\/03\/Alier-logo.png","contentUrl":"https:\/\/addio.eu\/wp-content\/uploads\/2025\/03\/Alier-logo.png","width":749,"height":288},{"@type":"BreadcrumbList","@id":"https:\/\/addio.eu\/sv\/nyheter\/addio-och-alier-i-partnerskap-i-norge\/#breadcrumb","itemListElement":[{"@type":"ListItem","position":1,"name":"Home","item":"https:\/\/addio.eu\/sv\/addios-startsida\/"},{"@type":"ListItem","position":2,"name":"Addio och Alier i partnerskap i Norge"}]},{"@type":"WebSite","@id":"https:\/\/addio.eu\/sv\/#website","url":"https:\/\/addio.eu\/sv\/","name":"addio.eu","description":"","publisher":{"@id":"https:\/\/addio.eu\/sv\/#organization"},"potentialAction":[{"@type":"SearchAction","target":{"@type":"EntryPoint","urlTemplate":"https:\/\/addio.eu\/sv\/?s={search_term_string}"},"query-input":{"@type":"PropertyValueSpecification","valueRequired":true,"valueName":"search_term_string"}}],"inLanguage":"sv-SE"},{"@type":"Organization","@id":"https:\/\/addio.eu\/sv\/#organization","name":"Addio electronics","url":"https:\/\/addio.eu\/sv\/","logo":{"@type":"ImageObject","inLanguage":"sv-SE","@id":"https:\/\/addio.eu\/sv\/#\/schema\/logo\/image\/","url":"https:\/\/addio.eu\/wp-content\/uploads\/2024\/10\/Lager_1-1.svg","contentUrl":"https:\/\/addio.eu\/wp-content\/uploads\/2024\/10\/Lager_1-1.svg","caption":"Addio electronics"},"image":{"@id":"https:\/\/addio.eu\/sv\/#\/schema\/logo\/image\/"},"sameAs":["https:\/\/www.facebook.com\/AddioElectronicsAB\/","https:\/\/www.linkedin.com\/company\/addio-electronics-ab"]},{"@type":"Person","@id":"https:\/\/addio.eu\/sv\/#\/schema\/person\/91617accca4d373bec39ca5cf7df41ca","name":"Christian Str\u00f6mblad","image":{"@type":"ImageObject","inLanguage":"sv-SE","@id":"https:\/\/addio.eu\/sv\/#\/schema\/person\/image\/","url":"https:\/\/secure.gravatar.com\/avatar\/fc7e565630ef0437746d725dc8a496c3bcbbee2a95baf374b54b74dcbd3e4999?s=96&d=mm&r=g","contentUrl":"https:\/\/secure.gravatar.com\/avatar\/fc7e565630ef0437746d725dc8a496c3bcbbee2a95baf374b54b74dcbd3e4999?s=96&d=mm&r=g","caption":"Christian Str\u00f6mblad"},"sameAs":["https:\/\/addio.eu"],"url":"https:\/\/addio.eu\/sv\/author\/christian-stromblad\/"}]}},"_links":{"self":[{"href":"https:\/\/addio.eu\/sv\/wp-json\/wp\/v2\/posts\/9092","targetHints":{"allow":["GET"]}}],"collection":[{"href":"https:\/\/addio.eu\/sv\/wp-json\/wp\/v2\/posts"}],"about":[{"href":"https:\/\/addio.eu\/sv\/wp-json\/wp\/v2\/types\/post"}],"author":[{"embeddable":true,"href":"https:\/\/addio.eu\/sv\/wp-json\/wp\/v2\/users\/4"}],"replies":[{"embeddable":true,"href":"https:\/\/addio.eu\/sv\/wp-json\/wp\/v2\/comments?post=9092"}],"version-history":[{"count":1,"href":"https:\/\/addio.eu\/sv\/wp-json\/wp\/v2\/posts\/9092\/revisions"}],"predecessor-version":[{"id":9097,"href":"https:\/\/addio.eu\/sv\/wp-json\/wp\/v2\/posts\/9092\/revisions\/9097"}],"wp:featuredmedia":[{"embeddable":true,"href":"https:\/\/addio.eu\/sv\/wp-json\/wp\/v2\/media\/9095"}],"wp:attachment":[{"href":"https:\/\/addio.eu\/sv\/wp-json\/wp\/v2\/media?parent=9092"}],"wp:term":[{"taxonomy":"category","embeddable":true,"href":"https:\/\/addio.eu\/sv\/wp-json\/wp\/v2\/categories?post=9092"},{"taxonomy":"post_tag","embeddable":true,"href":"https:\/\/addio.eu\/sv\/wp-json\/wp\/v2\/tags?post=9092"}],"curies":[{"name":"wp","href":"https:\/\/api.w.org\/{rel}","templated":true}]}}