{"id":9707,"date":"2025-02-03T09:06:00","date_gmt":"2025-02-03T09:06:00","guid":{"rendered":"https:\/\/addio.eu\/sem-categoria\/a-celebrar-o-nosso-novo-escritorio\/"},"modified":"2025-10-07T11:34:50","modified_gmt":"2025-10-07T11:34:50","slug":"a-celebrar-o-nosso-novo-escritorio","status":"publish","type":"post","link":"https:\/\/addio.eu\/pt-pt\/noticias\/a-celebrar-o-nosso-novo-escritorio\/","title":{"rendered":"A celebrar o nosso novo escrit\u00f3rio"},"content":{"rendered":"\n<p><strong>Um espa\u00e7o de trabalho bem concebido, que responde \u00e0s necessidades da nossa empresa em termos de colabora\u00e7\u00e3o, inova\u00e7\u00e3o e montagem, faz-nos ter vontade de vir trabalhar todos os dias. Um agradecimento especial \u00e0 Exin V\u00e4ster\u00e5s pelo fornecimento do mobili\u00e1rio! <\/strong><a href=\"https:\/\/www.linkedin.com\/search\/results\/all\/?keywords=%23recycling&amp;origin=HASH_TAG_FROM_FEED\">hashtag#reciclagem<\/a> <a href=\"https:\/\/www.linkedin.com\/search\/results\/all\/?keywords=%23startup&amp;origin=HASH_TAG_FROM_FEED\">hashtag#startup<\/a> <a href=\"https:\/\/www.linkedin.com\/search\/results\/all\/?keywords=%23goingglobal&amp;origin=HASH_TAG_FROM_FEED\">hashtag#internacionaliza\u00e7\u00e3o<\/a> <a href=\"https:\/\/www.linkedin.com\/search\/results\/all\/?keywords=%23exin&amp;origin=HASH_TAG_FROM_FEED\">hashtag#Exin<\/a><\/p>\n\n<p>Com o nosso novo escrit\u00f3rio, dispomos de amplo espa\u00e7o para novos membros de equipa qualificados, bem como de uma sala de testes, \u00e1reas de rece\u00e7\u00e3o e expedi\u00e7\u00e3o e de montagem. O escrit\u00f3rio situa-se em V\u00e4ster\u00e5s, na Su\u00e9cia, perto dos nossos fornecedores e parceiros. <\/p>\n\n<p><\/p>\n","protected":false},"excerpt":{"rendered":"<p>Um espa\u00e7o de trabalho bem concebido, que responde \u00e0s necessidades da nossa empresa em termos de colabora\u00e7\u00e3o, inova\u00e7\u00e3o e montagem, faz-nos ter vontade de vir trabalhar todos os dias.<\/p>\n","protected":false},"author":4,"featured_media":9709,"comment_status":"open","ping_status":"open","sticky":false,"template":"","format":"standard","meta":{"footnotes":""},"categories":[147],"tags":[],"class_list":["post-9707","post","type-post","status-publish","format-standard","has-post-thumbnail","hentry","category-noticias"],"yoast_head":"<!-- This site is optimized with the Yoast SEO plugin v26.0 - https:\/\/yoast.com\/wordpress\/plugins\/seo\/ -->\n<title>A celebrar o nosso novo escrit\u00f3rio - Addio Electronics<\/title>\n<meta name=\"robots\" content=\"index, follow, max-snippet:-1, max-image-preview:large, max-video-preview:-1\" \/>\n<link rel=\"canonical\" href=\"https:\/\/addio.eu\/pt-pt\/noticias\/a-celebrar-o-nosso-novo-escritorio\/\" \/>\n<meta property=\"og:locale\" content=\"pt_PT\" \/>\n<meta property=\"og:type\" content=\"article\" \/>\n<meta property=\"og:title\" content=\"A celebrar o nosso novo escrit\u00f3rio - Addio Electronics\" \/>\n<meta property=\"og:description\" content=\"Um espa\u00e7o de trabalho bem concebido, que responde \u00e0s necessidades da nossa empresa em termos de colabora\u00e7\u00e3o, inova\u00e7\u00e3o e montagem, faz-nos ter vontade de vir trabalhar todos os dias.\" \/>\n<meta property=\"og:url\" content=\"https:\/\/addio.eu\/pt-pt\/noticias\/a-celebrar-o-nosso-novo-escritorio\/\" \/>\n<meta property=\"og:site_name\" content=\"Addio Electronics\" \/>\n<meta property=\"article:publisher\" content=\"https:\/\/www.facebook.com\/AddioElectronicsAB\/\" \/>\n<meta property=\"article:published_time\" content=\"2025-02-03T09:06:00+00:00\" \/>\n<meta property=\"article:modified_time\" content=\"2025-10-07T11:34:50+00:00\" \/>\n<meta property=\"og:image\" content=\"https:\/\/addio.eu\/wp-content\/uploads\/2025\/03\/office.jpeg\" \/>\n\t<meta property=\"og:image:width\" content=\"2048\" \/>\n\t<meta property=\"og:image:height\" content=\"1454\" \/>\n\t<meta property=\"og:image:type\" content=\"image\/jpeg\" \/>\n<meta name=\"author\" content=\"Christian Str\u00f6mblad\" \/>\n<meta name=\"twitter:card\" content=\"summary_large_image\" \/>\n<meta name=\"twitter:label1\" content=\"Escrito por\" \/>\n\t<meta name=\"twitter:data1\" content=\"Christian Str\u00f6mblad\" \/>\n\t<meta name=\"twitter:label2\" content=\"Tempo estimado de leitura\" \/>\n\t<meta name=\"twitter:data2\" content=\"1 minuto\" \/>\n<script type=\"application\/ld+json\" class=\"yoast-schema-graph\">{\"@context\":\"https:\/\/schema.org\",\"@graph\":[{\"@type\":\"Article\",\"@id\":\"https:\/\/addio.eu\/pt-pt\/noticias\/a-celebrar-o-nosso-novo-escritorio\/#article\",\"isPartOf\":{\"@id\":\"https:\/\/addio.eu\/pt-pt\/noticias\/a-celebrar-o-nosso-novo-escritorio\/\"},\"author\":{\"name\":\"Christian Str\u00f6mblad\",\"@id\":\"https:\/\/addio.eu\/pt-pt\/#\/schema\/person\/91617accca4d373bec39ca5cf7df41ca\"},\"headline\":\"A celebrar o nosso novo escrit\u00f3rio\",\"datePublished\":\"2025-02-03T09:06:00+00:00\",\"dateModified\":\"2025-10-07T11:34:50+00:00\",\"mainEntityOfPage\":{\"@id\":\"https:\/\/addio.eu\/pt-pt\/noticias\/a-celebrar-o-nosso-novo-escritorio\/\"},\"wordCount\":111,\"commentCount\":0,\"publisher\":{\"@id\":\"https:\/\/addio.eu\/pt-pt\/#organization\"},\"image\":{\"@id\":\"https:\/\/addio.eu\/pt-pt\/noticias\/a-celebrar-o-nosso-novo-escritorio\/#primaryimage\"},\"thumbnailUrl\":\"https:\/\/addio.eu\/wp-content\/uploads\/2025\/03\/office.jpeg\",\"articleSection\":[\"Not\u00edcias\"],\"inLanguage\":\"pt-PT\",\"potentialAction\":[{\"@type\":\"CommentAction\",\"name\":\"Comment\",\"target\":[\"https:\/\/addio.eu\/pt-pt\/noticias\/a-celebrar-o-nosso-novo-escritorio\/#respond\"]}]},{\"@type\":\"WebPage\",\"@id\":\"https:\/\/addio.eu\/pt-pt\/noticias\/a-celebrar-o-nosso-novo-escritorio\/\",\"url\":\"https:\/\/addio.eu\/pt-pt\/noticias\/a-celebrar-o-nosso-novo-escritorio\/\",\"name\":\"A celebrar o nosso novo escrit\u00f3rio - Addio Electronics\",\"isPartOf\":{\"@id\":\"https:\/\/addio.eu\/pt-pt\/#website\"},\"primaryImageOfPage\":{\"@id\":\"https:\/\/addio.eu\/pt-pt\/noticias\/a-celebrar-o-nosso-novo-escritorio\/#primaryimage\"},\"image\":{\"@id\":\"https:\/\/addio.eu\/pt-pt\/noticias\/a-celebrar-o-nosso-novo-escritorio\/#primaryimage\"},\"thumbnailUrl\":\"https:\/\/addio.eu\/wp-content\/uploads\/2025\/03\/office.jpeg\",\"datePublished\":\"2025-02-03T09:06:00+00:00\",\"dateModified\":\"2025-10-07T11:34:50+00:00\",\"breadcrumb\":{\"@id\":\"https:\/\/addio.eu\/pt-pt\/noticias\/a-celebrar-o-nosso-novo-escritorio\/#breadcrumb\"},\"inLanguage\":\"pt-PT\",\"potentialAction\":[{\"@type\":\"ReadAction\",\"target\":[\"https:\/\/addio.eu\/pt-pt\/noticias\/a-celebrar-o-nosso-novo-escritorio\/\"]}]},{\"@type\":\"ImageObject\",\"inLanguage\":\"pt-PT\",\"@id\":\"https:\/\/addio.eu\/pt-pt\/noticias\/a-celebrar-o-nosso-novo-escritorio\/#primaryimage\",\"url\":\"https:\/\/addio.eu\/wp-content\/uploads\/2025\/03\/office.jpeg\",\"contentUrl\":\"https:\/\/addio.eu\/wp-content\/uploads\/2025\/03\/office.jpeg\",\"width\":2048,\"height\":1454},{\"@type\":\"BreadcrumbList\",\"@id\":\"https:\/\/addio.eu\/pt-pt\/noticias\/a-celebrar-o-nosso-novo-escritorio\/#breadcrumb\",\"itemListElement\":[{\"@type\":\"ListItem\",\"position\":1,\"name\":\"Home\",\"item\":\"https:\/\/addio.eu\/pt-pt\/pagina-inicial-da-addio\/\"},{\"@type\":\"ListItem\",\"position\":2,\"name\":\"A celebrar o nosso novo escrit\u00f3rio\"}]},{\"@type\":\"WebSite\",\"@id\":\"https:\/\/addio.eu\/pt-pt\/#website\",\"url\":\"https:\/\/addio.eu\/pt-pt\/\",\"name\":\"addio.eu\",\"description\":\"\",\"publisher\":{\"@id\":\"https:\/\/addio.eu\/pt-pt\/#organization\"},\"potentialAction\":[{\"@type\":\"SearchAction\",\"target\":{\"@type\":\"EntryPoint\",\"urlTemplate\":\"https:\/\/addio.eu\/pt-pt\/?s={search_term_string}\"},\"query-input\":{\"@type\":\"PropertyValueSpecification\",\"valueRequired\":true,\"valueName\":\"search_term_string\"}}],\"inLanguage\":\"pt-PT\"},{\"@type\":\"Organization\",\"@id\":\"https:\/\/addio.eu\/pt-pt\/#organization\",\"name\":\"Addio electronics\",\"url\":\"https:\/\/addio.eu\/pt-pt\/\",\"logo\":{\"@type\":\"ImageObject\",\"inLanguage\":\"pt-PT\",\"@id\":\"https:\/\/addio.eu\/pt-pt\/#\/schema\/logo\/image\/\",\"url\":\"https:\/\/addio.eu\/wp-content\/uploads\/2024\/10\/Lager_1-1.svg\",\"contentUrl\":\"https:\/\/addio.eu\/wp-content\/uploads\/2024\/10\/Lager_1-1.svg\",\"caption\":\"Addio electronics\"},\"image\":{\"@id\":\"https:\/\/addio.eu\/pt-pt\/#\/schema\/logo\/image\/\"},\"sameAs\":[\"https:\/\/www.facebook.com\/AddioElectronicsAB\/\",\"https:\/\/www.linkedin.com\/company\/addio-electronics-ab\"]},{\"@type\":\"Person\",\"@id\":\"https:\/\/addio.eu\/pt-pt\/#\/schema\/person\/91617accca4d373bec39ca5cf7df41ca\",\"name\":\"Christian Str\u00f6mblad\",\"image\":{\"@type\":\"ImageObject\",\"inLanguage\":\"pt-PT\",\"@id\":\"https:\/\/addio.eu\/pt-pt\/#\/schema\/person\/image\/\",\"url\":\"https:\/\/secure.gravatar.com\/avatar\/fc7e565630ef0437746d725dc8a496c3bcbbee2a95baf374b54b74dcbd3e4999?s=96&d=mm&r=g\",\"contentUrl\":\"https:\/\/secure.gravatar.com\/avatar\/fc7e565630ef0437746d725dc8a496c3bcbbee2a95baf374b54b74dcbd3e4999?s=96&d=mm&r=g\",\"caption\":\"Christian Str\u00f6mblad\"},\"sameAs\":[\"https:\/\/addio.eu\"],\"url\":\"https:\/\/addio.eu\/pt-pt\/author\/christian-stromblad\/\"}]}<\/script>\n<!-- \/ Yoast SEO plugin. -->","yoast_head_json":{"title":"A celebrar o nosso novo escrit\u00f3rio - Addio Electronics","robots":{"index":"index","follow":"follow","max-snippet":"max-snippet:-1","max-image-preview":"max-image-preview:large","max-video-preview":"max-video-preview:-1"},"canonical":"https:\/\/addio.eu\/pt-pt\/noticias\/a-celebrar-o-nosso-novo-escritorio\/","og_locale":"pt_PT","og_type":"article","og_title":"A celebrar o nosso novo escrit\u00f3rio - Addio Electronics","og_description":"Um espa\u00e7o de trabalho bem concebido, que responde \u00e0s necessidades da nossa empresa em termos de colabora\u00e7\u00e3o, inova\u00e7\u00e3o e montagem, faz-nos ter vontade de vir trabalhar todos os dias.","og_url":"https:\/\/addio.eu\/pt-pt\/noticias\/a-celebrar-o-nosso-novo-escritorio\/","og_site_name":"Addio Electronics","article_publisher":"https:\/\/www.facebook.com\/AddioElectronicsAB\/","article_published_time":"2025-02-03T09:06:00+00:00","article_modified_time":"2025-10-07T11:34:50+00:00","og_image":[{"width":2048,"height":1454,"url":"https:\/\/addio.eu\/wp-content\/uploads\/2025\/03\/office.jpeg","type":"image\/jpeg"}],"author":"Christian Str\u00f6mblad","twitter_card":"summary_large_image","twitter_misc":{"Escrito por":"Christian Str\u00f6mblad","Tempo estimado de leitura":"1 minuto"},"schema":{"@context":"https:\/\/schema.org","@graph":[{"@type":"Article","@id":"https:\/\/addio.eu\/pt-pt\/noticias\/a-celebrar-o-nosso-novo-escritorio\/#article","isPartOf":{"@id":"https:\/\/addio.eu\/pt-pt\/noticias\/a-celebrar-o-nosso-novo-escritorio\/"},"author":{"name":"Christian Str\u00f6mblad","@id":"https:\/\/addio.eu\/pt-pt\/#\/schema\/person\/91617accca4d373bec39ca5cf7df41ca"},"headline":"A celebrar o nosso novo escrit\u00f3rio","datePublished":"2025-02-03T09:06:00+00:00","dateModified":"2025-10-07T11:34:50+00:00","mainEntityOfPage":{"@id":"https:\/\/addio.eu\/pt-pt\/noticias\/a-celebrar-o-nosso-novo-escritorio\/"},"wordCount":111,"commentCount":0,"publisher":{"@id":"https:\/\/addio.eu\/pt-pt\/#organization"},"image":{"@id":"https:\/\/addio.eu\/pt-pt\/noticias\/a-celebrar-o-nosso-novo-escritorio\/#primaryimage"},"thumbnailUrl":"https:\/\/addio.eu\/wp-content\/uploads\/2025\/03\/office.jpeg","articleSection":["Not\u00edcias"],"inLanguage":"pt-PT","potentialAction":[{"@type":"CommentAction","name":"Comment","target":["https:\/\/addio.eu\/pt-pt\/noticias\/a-celebrar-o-nosso-novo-escritorio\/#respond"]}]},{"@type":"WebPage","@id":"https:\/\/addio.eu\/pt-pt\/noticias\/a-celebrar-o-nosso-novo-escritorio\/","url":"https:\/\/addio.eu\/pt-pt\/noticias\/a-celebrar-o-nosso-novo-escritorio\/","name":"A celebrar o nosso novo escrit\u00f3rio - Addio Electronics","isPartOf":{"@id":"https:\/\/addio.eu\/pt-pt\/#website"},"primaryImageOfPage":{"@id":"https:\/\/addio.eu\/pt-pt\/noticias\/a-celebrar-o-nosso-novo-escritorio\/#primaryimage"},"image":{"@id":"https:\/\/addio.eu\/pt-pt\/noticias\/a-celebrar-o-nosso-novo-escritorio\/#primaryimage"},"thumbnailUrl":"https:\/\/addio.eu\/wp-content\/uploads\/2025\/03\/office.jpeg","datePublished":"2025-02-03T09:06:00+00:00","dateModified":"2025-10-07T11:34:50+00:00","breadcrumb":{"@id":"https:\/\/addio.eu\/pt-pt\/noticias\/a-celebrar-o-nosso-novo-escritorio\/#breadcrumb"},"inLanguage":"pt-PT","potentialAction":[{"@type":"ReadAction","target":["https:\/\/addio.eu\/pt-pt\/noticias\/a-celebrar-o-nosso-novo-escritorio\/"]}]},{"@type":"ImageObject","inLanguage":"pt-PT","@id":"https:\/\/addio.eu\/pt-pt\/noticias\/a-celebrar-o-nosso-novo-escritorio\/#primaryimage","url":"https:\/\/addio.eu\/wp-content\/uploads\/2025\/03\/office.jpeg","contentUrl":"https:\/\/addio.eu\/wp-content\/uploads\/2025\/03\/office.jpeg","width":2048,"height":1454},{"@type":"BreadcrumbList","@id":"https:\/\/addio.eu\/pt-pt\/noticias\/a-celebrar-o-nosso-novo-escritorio\/#breadcrumb","itemListElement":[{"@type":"ListItem","position":1,"name":"Home","item":"https:\/\/addio.eu\/pt-pt\/pagina-inicial-da-addio\/"},{"@type":"ListItem","position":2,"name":"A celebrar o nosso novo escrit\u00f3rio"}]},{"@type":"WebSite","@id":"https:\/\/addio.eu\/pt-pt\/#website","url":"https:\/\/addio.eu\/pt-pt\/","name":"addio.eu","description":"","publisher":{"@id":"https:\/\/addio.eu\/pt-pt\/#organization"},"potentialAction":[{"@type":"SearchAction","target":{"@type":"EntryPoint","urlTemplate":"https:\/\/addio.eu\/pt-pt\/?s={search_term_string}"},"query-input":{"@type":"PropertyValueSpecification","valueRequired":true,"valueName":"search_term_string"}}],"inLanguage":"pt-PT"},{"@type":"Organization","@id":"https:\/\/addio.eu\/pt-pt\/#organization","name":"Addio electronics","url":"https:\/\/addio.eu\/pt-pt\/","logo":{"@type":"ImageObject","inLanguage":"pt-PT","@id":"https:\/\/addio.eu\/pt-pt\/#\/schema\/logo\/image\/","url":"https:\/\/addio.eu\/wp-content\/uploads\/2024\/10\/Lager_1-1.svg","contentUrl":"https:\/\/addio.eu\/wp-content\/uploads\/2024\/10\/Lager_1-1.svg","caption":"Addio electronics"},"image":{"@id":"https:\/\/addio.eu\/pt-pt\/#\/schema\/logo\/image\/"},"sameAs":["https:\/\/www.facebook.com\/AddioElectronicsAB\/","https:\/\/www.linkedin.com\/company\/addio-electronics-ab"]},{"@type":"Person","@id":"https:\/\/addio.eu\/pt-pt\/#\/schema\/person\/91617accca4d373bec39ca5cf7df41ca","name":"Christian Str\u00f6mblad","image":{"@type":"ImageObject","inLanguage":"pt-PT","@id":"https:\/\/addio.eu\/pt-pt\/#\/schema\/person\/image\/","url":"https:\/\/secure.gravatar.com\/avatar\/fc7e565630ef0437746d725dc8a496c3bcbbee2a95baf374b54b74dcbd3e4999?s=96&d=mm&r=g","contentUrl":"https:\/\/secure.gravatar.com\/avatar\/fc7e565630ef0437746d725dc8a496c3bcbbee2a95baf374b54b74dcbd3e4999?s=96&d=mm&r=g","caption":"Christian Str\u00f6mblad"},"sameAs":["https:\/\/addio.eu"],"url":"https:\/\/addio.eu\/pt-pt\/author\/christian-stromblad\/"}]}},"_links":{"self":[{"href":"https:\/\/addio.eu\/pt-pt\/wp-json\/wp\/v2\/posts\/9707","targetHints":{"allow":["GET"]}}],"collection":[{"href":"https:\/\/addio.eu\/pt-pt\/wp-json\/wp\/v2\/posts"}],"about":[{"href":"https:\/\/addio.eu\/pt-pt\/wp-json\/wp\/v2\/types\/post"}],"author":[{"embeddable":true,"href":"https:\/\/addio.eu\/pt-pt\/wp-json\/wp\/v2\/users\/4"}],"replies":[{"embeddable":true,"href":"https:\/\/addio.eu\/pt-pt\/wp-json\/wp\/v2\/comments?post=9707"}],"version-history":[{"count":1,"href":"https:\/\/addio.eu\/pt-pt\/wp-json\/wp\/v2\/posts\/9707\/revisions"}],"predecessor-version":[{"id":9712,"href":"https:\/\/addio.eu\/pt-pt\/wp-json\/wp\/v2\/posts\/9707\/revisions\/9712"}],"wp:featuredmedia":[{"embeddable":true,"href":"https:\/\/addio.eu\/pt-pt\/wp-json\/wp\/v2\/media\/9709"}],"wp:attachment":[{"href":"https:\/\/addio.eu\/pt-pt\/wp-json\/wp\/v2\/media?parent=9707"}],"wp:term":[{"taxonomy":"category","embeddable":true,"href":"https:\/\/addio.eu\/pt-pt\/wp-json\/wp\/v2\/categories?post=9707"},{"taxonomy":"post_tag","embeddable":true,"href":"https:\/\/addio.eu\/pt-pt\/wp-json\/wp\/v2\/tags?post=9707"}],"curies":[{"name":"wp","href":"https:\/\/api.w.org\/{rel}","templated":true}]}}