{"id":9100,"date":"2025-03-12T14:51:43","date_gmt":"2025-03-12T14:51:43","guid":{"rendered":"https:\/\/addio.eu\/sem-categoria\/parceria-entre-addio-e-alier-na-noruega\/"},"modified":"2025-10-07T11:25:20","modified_gmt":"2025-10-07T11:25:20","slug":"parceria-entre-addio-e-alier-na-noruega","status":"publish","type":"post","link":"https:\/\/addio.eu\/pt-pt\/noticias\/parceria-entre-addio-e-alier-na-noruega\/","title":{"rendered":"Parceria entre Addio e Alier na Noruega"},"content":{"rendered":"\n<p>Temos o prazer de anunciar a nossa parceria com a Alier AS, um dos maiores especialistas em adapta\u00e7\u00e3o de ve\u00edculos da Noruega, com uma hist\u00f3ria que remonta a 1986. Com 11 localiza\u00e7\u00f5es em todo o pa\u00eds e mais de 100 profissionais, a Alier AS oferece uma gama abrangente de servi\u00e7os, incluindo modifica\u00e7\u00f5es de ve\u00edculos, solu\u00e7\u00f5es de aquecimento e instala\u00e7\u00f5es de equipamentos especializados. A sua dedica\u00e7\u00e3o \u00e0 qualidade e inova\u00e7\u00e3o alinha-se perfeitamente com o nosso compromisso com a excel\u00eancia, e estamos ansiosos por alcan\u00e7ar grandes feitos em conjunto.  <\/p>\n\n<p><\/p>\n","protected":false},"excerpt":{"rendered":"<p>Temos o prazer de anunciar a nossa parceria com a Alier AS, um dos maiores especialistas em adapta\u00e7\u00e3o de ve\u00edculos da Noruega, com 11 localiza\u00e7\u00f5es de norte a sul.<\/p>\n","protected":false},"author":4,"featured_media":9102,"comment_status":"open","ping_status":"open","sticky":false,"template":"","format":"standard","meta":{"footnotes":""},"categories":[147],"tags":[],"class_list":["post-9100","post","type-post","status-publish","format-standard","has-post-thumbnail","hentry","category-noticias"],"yoast_head":"<!-- This site is optimized with the Yoast SEO plugin v26.0 - https:\/\/yoast.com\/wordpress\/plugins\/seo\/ -->\n<title>Parceria entre Addio e Alier na Noruega - Addio Electronics<\/title>\n<meta name=\"robots\" content=\"index, follow, max-snippet:-1, max-image-preview:large, max-video-preview:-1\" \/>\n<link rel=\"canonical\" href=\"https:\/\/addio.eu\/pt-pt\/noticias\/parceria-entre-addio-e-alier-na-noruega\/\" \/>\n<meta property=\"og:locale\" content=\"pt_PT\" \/>\n<meta property=\"og:type\" content=\"article\" \/>\n<meta property=\"og:title\" content=\"Parceria entre Addio e Alier na Noruega - Addio Electronics\" \/>\n<meta property=\"og:description\" content=\"Temos o prazer de anunciar a nossa parceria com a Alier AS, um dos maiores especialistas em adapta\u00e7\u00e3o de ve\u00edculos da Noruega, com 11 localiza\u00e7\u00f5es de norte a sul.\" \/>\n<meta property=\"og:url\" content=\"https:\/\/addio.eu\/pt-pt\/noticias\/parceria-entre-addio-e-alier-na-noruega\/\" \/>\n<meta property=\"og:site_name\" content=\"Addio Electronics\" \/>\n<meta property=\"article:publisher\" content=\"https:\/\/www.facebook.com\/AddioElectronicsAB\/\" \/>\n<meta property=\"article:published_time\" content=\"2025-03-12T14:51:43+00:00\" \/>\n<meta property=\"article:modified_time\" content=\"2025-10-07T11:25:20+00:00\" \/>\n<meta property=\"og:image\" content=\"https:\/\/addio.eu\/wp-content\/uploads\/2025\/03\/Alier-logo.png\" \/>\n\t<meta property=\"og:image:width\" content=\"749\" \/>\n\t<meta property=\"og:image:height\" content=\"288\" \/>\n\t<meta property=\"og:image:type\" content=\"image\/png\" \/>\n<meta name=\"author\" content=\"Christian Str\u00f6mblad\" \/>\n<meta name=\"twitter:card\" content=\"summary_large_image\" \/>\n<meta name=\"twitter:label1\" content=\"Escrito por\" \/>\n\t<meta name=\"twitter:data1\" content=\"Christian Str\u00f6mblad\" \/>\n<script type=\"application\/ld+json\" class=\"yoast-schema-graph\">{\"@context\":\"https:\/\/schema.org\",\"@graph\":[{\"@type\":\"Article\",\"@id\":\"https:\/\/addio.eu\/pt-pt\/noticias\/parceria-entre-addio-e-alier-na-noruega\/#article\",\"isPartOf\":{\"@id\":\"https:\/\/addio.eu\/pt-pt\/noticias\/parceria-entre-addio-e-alier-na-noruega\/\"},\"author\":{\"name\":\"Christian Str\u00f6mblad\",\"@id\":\"https:\/\/addio.eu\/pt-pt\/#\/schema\/person\/91617accca4d373bec39ca5cf7df41ca\"},\"headline\":\"Parceria entre Addio e Alier na Noruega\",\"datePublished\":\"2025-03-12T14:51:43+00:00\",\"dateModified\":\"2025-10-07T11:25:20+00:00\",\"mainEntityOfPage\":{\"@id\":\"https:\/\/addio.eu\/pt-pt\/noticias\/parceria-entre-addio-e-alier-na-noruega\/\"},\"wordCount\":104,\"commentCount\":0,\"publisher\":{\"@id\":\"https:\/\/addio.eu\/pt-pt\/#organization\"},\"image\":{\"@id\":\"https:\/\/addio.eu\/pt-pt\/noticias\/parceria-entre-addio-e-alier-na-noruega\/#primaryimage\"},\"thumbnailUrl\":\"https:\/\/addio.eu\/wp-content\/uploads\/2025\/03\/Alier-logo.png\",\"articleSection\":[\"Not\u00edcias\"],\"inLanguage\":\"pt-PT\",\"potentialAction\":[{\"@type\":\"CommentAction\",\"name\":\"Comment\",\"target\":[\"https:\/\/addio.eu\/pt-pt\/noticias\/parceria-entre-addio-e-alier-na-noruega\/#respond\"]}]},{\"@type\":\"WebPage\",\"@id\":\"https:\/\/addio.eu\/pt-pt\/noticias\/parceria-entre-addio-e-alier-na-noruega\/\",\"url\":\"https:\/\/addio.eu\/pt-pt\/noticias\/parceria-entre-addio-e-alier-na-noruega\/\",\"name\":\"Parceria entre Addio e Alier na Noruega - Addio Electronics\",\"isPartOf\":{\"@id\":\"https:\/\/addio.eu\/pt-pt\/#website\"},\"primaryImageOfPage\":{\"@id\":\"https:\/\/addio.eu\/pt-pt\/noticias\/parceria-entre-addio-e-alier-na-noruega\/#primaryimage\"},\"image\":{\"@id\":\"https:\/\/addio.eu\/pt-pt\/noticias\/parceria-entre-addio-e-alier-na-noruega\/#primaryimage\"},\"thumbnailUrl\":\"https:\/\/addio.eu\/wp-content\/uploads\/2025\/03\/Alier-logo.png\",\"datePublished\":\"2025-03-12T14:51:43+00:00\",\"dateModified\":\"2025-10-07T11:25:20+00:00\",\"breadcrumb\":{\"@id\":\"https:\/\/addio.eu\/pt-pt\/noticias\/parceria-entre-addio-e-alier-na-noruega\/#breadcrumb\"},\"inLanguage\":\"pt-PT\",\"potentialAction\":[{\"@type\":\"ReadAction\",\"target\":[\"https:\/\/addio.eu\/pt-pt\/noticias\/parceria-entre-addio-e-alier-na-noruega\/\"]}]},{\"@type\":\"ImageObject\",\"inLanguage\":\"pt-PT\",\"@id\":\"https:\/\/addio.eu\/pt-pt\/noticias\/parceria-entre-addio-e-alier-na-noruega\/#primaryimage\",\"url\":\"https:\/\/addio.eu\/wp-content\/uploads\/2025\/03\/Alier-logo.png\",\"contentUrl\":\"https:\/\/addio.eu\/wp-content\/uploads\/2025\/03\/Alier-logo.png\",\"width\":749,\"height\":288},{\"@type\":\"BreadcrumbList\",\"@id\":\"https:\/\/addio.eu\/pt-pt\/noticias\/parceria-entre-addio-e-alier-na-noruega\/#breadcrumb\",\"itemListElement\":[{\"@type\":\"ListItem\",\"position\":1,\"name\":\"Home\",\"item\":\"https:\/\/addio.eu\/pt-pt\/pagina-inicial-da-addio\/\"},{\"@type\":\"ListItem\",\"position\":2,\"name\":\"Parceria entre Addio e Alier na Noruega\"}]},{\"@type\":\"WebSite\",\"@id\":\"https:\/\/addio.eu\/pt-pt\/#website\",\"url\":\"https:\/\/addio.eu\/pt-pt\/\",\"name\":\"addio.eu\",\"description\":\"\",\"publisher\":{\"@id\":\"https:\/\/addio.eu\/pt-pt\/#organization\"},\"potentialAction\":[{\"@type\":\"SearchAction\",\"target\":{\"@type\":\"EntryPoint\",\"urlTemplate\":\"https:\/\/addio.eu\/pt-pt\/?s={search_term_string}\"},\"query-input\":{\"@type\":\"PropertyValueSpecification\",\"valueRequired\":true,\"valueName\":\"search_term_string\"}}],\"inLanguage\":\"pt-PT\"},{\"@type\":\"Organization\",\"@id\":\"https:\/\/addio.eu\/pt-pt\/#organization\",\"name\":\"Addio electronics\",\"url\":\"https:\/\/addio.eu\/pt-pt\/\",\"logo\":{\"@type\":\"ImageObject\",\"inLanguage\":\"pt-PT\",\"@id\":\"https:\/\/addio.eu\/pt-pt\/#\/schema\/logo\/image\/\",\"url\":\"https:\/\/addio.eu\/wp-content\/uploads\/2024\/10\/Lager_1-1.svg\",\"contentUrl\":\"https:\/\/addio.eu\/wp-content\/uploads\/2024\/10\/Lager_1-1.svg\",\"caption\":\"Addio electronics\"},\"image\":{\"@id\":\"https:\/\/addio.eu\/pt-pt\/#\/schema\/logo\/image\/\"},\"sameAs\":[\"https:\/\/www.facebook.com\/AddioElectronicsAB\/\",\"https:\/\/www.linkedin.com\/company\/addio-electronics-ab\"]},{\"@type\":\"Person\",\"@id\":\"https:\/\/addio.eu\/pt-pt\/#\/schema\/person\/91617accca4d373bec39ca5cf7df41ca\",\"name\":\"Christian Str\u00f6mblad\",\"image\":{\"@type\":\"ImageObject\",\"inLanguage\":\"pt-PT\",\"@id\":\"https:\/\/addio.eu\/pt-pt\/#\/schema\/person\/image\/\",\"url\":\"https:\/\/secure.gravatar.com\/avatar\/fc7e565630ef0437746d725dc8a496c3bcbbee2a95baf374b54b74dcbd3e4999?s=96&d=mm&r=g\",\"contentUrl\":\"https:\/\/secure.gravatar.com\/avatar\/fc7e565630ef0437746d725dc8a496c3bcbbee2a95baf374b54b74dcbd3e4999?s=96&d=mm&r=g\",\"caption\":\"Christian Str\u00f6mblad\"},\"sameAs\":[\"https:\/\/addio.eu\"],\"url\":\"https:\/\/addio.eu\/pt-pt\/author\/christian-stromblad\/\"}]}<\/script>\n<!-- \/ Yoast SEO plugin. -->","yoast_head_json":{"title":"Parceria entre Addio e Alier na Noruega - Addio Electronics","robots":{"index":"index","follow":"follow","max-snippet":"max-snippet:-1","max-image-preview":"max-image-preview:large","max-video-preview":"max-video-preview:-1"},"canonical":"https:\/\/addio.eu\/pt-pt\/noticias\/parceria-entre-addio-e-alier-na-noruega\/","og_locale":"pt_PT","og_type":"article","og_title":"Parceria entre Addio e Alier na Noruega - Addio Electronics","og_description":"Temos o prazer de anunciar a nossa parceria com a Alier AS, um dos maiores especialistas em adapta\u00e7\u00e3o de ve\u00edculos da Noruega, com 11 localiza\u00e7\u00f5es de norte a sul.","og_url":"https:\/\/addio.eu\/pt-pt\/noticias\/parceria-entre-addio-e-alier-na-noruega\/","og_site_name":"Addio Electronics","article_publisher":"https:\/\/www.facebook.com\/AddioElectronicsAB\/","article_published_time":"2025-03-12T14:51:43+00:00","article_modified_time":"2025-10-07T11:25:20+00:00","og_image":[{"width":749,"height":288,"url":"https:\/\/addio.eu\/wp-content\/uploads\/2025\/03\/Alier-logo.png","type":"image\/png"}],"author":"Christian Str\u00f6mblad","twitter_card":"summary_large_image","twitter_misc":{"Escrito por":"Christian Str\u00f6mblad"},"schema":{"@context":"https:\/\/schema.org","@graph":[{"@type":"Article","@id":"https:\/\/addio.eu\/pt-pt\/noticias\/parceria-entre-addio-e-alier-na-noruega\/#article","isPartOf":{"@id":"https:\/\/addio.eu\/pt-pt\/noticias\/parceria-entre-addio-e-alier-na-noruega\/"},"author":{"name":"Christian Str\u00f6mblad","@id":"https:\/\/addio.eu\/pt-pt\/#\/schema\/person\/91617accca4d373bec39ca5cf7df41ca"},"headline":"Parceria entre Addio e Alier na Noruega","datePublished":"2025-03-12T14:51:43+00:00","dateModified":"2025-10-07T11:25:20+00:00","mainEntityOfPage":{"@id":"https:\/\/addio.eu\/pt-pt\/noticias\/parceria-entre-addio-e-alier-na-noruega\/"},"wordCount":104,"commentCount":0,"publisher":{"@id":"https:\/\/addio.eu\/pt-pt\/#organization"},"image":{"@id":"https:\/\/addio.eu\/pt-pt\/noticias\/parceria-entre-addio-e-alier-na-noruega\/#primaryimage"},"thumbnailUrl":"https:\/\/addio.eu\/wp-content\/uploads\/2025\/03\/Alier-logo.png","articleSection":["Not\u00edcias"],"inLanguage":"pt-PT","potentialAction":[{"@type":"CommentAction","name":"Comment","target":["https:\/\/addio.eu\/pt-pt\/noticias\/parceria-entre-addio-e-alier-na-noruega\/#respond"]}]},{"@type":"WebPage","@id":"https:\/\/addio.eu\/pt-pt\/noticias\/parceria-entre-addio-e-alier-na-noruega\/","url":"https:\/\/addio.eu\/pt-pt\/noticias\/parceria-entre-addio-e-alier-na-noruega\/","name":"Parceria entre Addio e Alier na Noruega - Addio Electronics","isPartOf":{"@id":"https:\/\/addio.eu\/pt-pt\/#website"},"primaryImageOfPage":{"@id":"https:\/\/addio.eu\/pt-pt\/noticias\/parceria-entre-addio-e-alier-na-noruega\/#primaryimage"},"image":{"@id":"https:\/\/addio.eu\/pt-pt\/noticias\/parceria-entre-addio-e-alier-na-noruega\/#primaryimage"},"thumbnailUrl":"https:\/\/addio.eu\/wp-content\/uploads\/2025\/03\/Alier-logo.png","datePublished":"2025-03-12T14:51:43+00:00","dateModified":"2025-10-07T11:25:20+00:00","breadcrumb":{"@id":"https:\/\/addio.eu\/pt-pt\/noticias\/parceria-entre-addio-e-alier-na-noruega\/#breadcrumb"},"inLanguage":"pt-PT","potentialAction":[{"@type":"ReadAction","target":["https:\/\/addio.eu\/pt-pt\/noticias\/parceria-entre-addio-e-alier-na-noruega\/"]}]},{"@type":"ImageObject","inLanguage":"pt-PT","@id":"https:\/\/addio.eu\/pt-pt\/noticias\/parceria-entre-addio-e-alier-na-noruega\/#primaryimage","url":"https:\/\/addio.eu\/wp-content\/uploads\/2025\/03\/Alier-logo.png","contentUrl":"https:\/\/addio.eu\/wp-content\/uploads\/2025\/03\/Alier-logo.png","width":749,"height":288},{"@type":"BreadcrumbList","@id":"https:\/\/addio.eu\/pt-pt\/noticias\/parceria-entre-addio-e-alier-na-noruega\/#breadcrumb","itemListElement":[{"@type":"ListItem","position":1,"name":"Home","item":"https:\/\/addio.eu\/pt-pt\/pagina-inicial-da-addio\/"},{"@type":"ListItem","position":2,"name":"Parceria entre Addio e Alier na Noruega"}]},{"@type":"WebSite","@id":"https:\/\/addio.eu\/pt-pt\/#website","url":"https:\/\/addio.eu\/pt-pt\/","name":"addio.eu","description":"","publisher":{"@id":"https:\/\/addio.eu\/pt-pt\/#organization"},"potentialAction":[{"@type":"SearchAction","target":{"@type":"EntryPoint","urlTemplate":"https:\/\/addio.eu\/pt-pt\/?s={search_term_string}"},"query-input":{"@type":"PropertyValueSpecification","valueRequired":true,"valueName":"search_term_string"}}],"inLanguage":"pt-PT"},{"@type":"Organization","@id":"https:\/\/addio.eu\/pt-pt\/#organization","name":"Addio electronics","url":"https:\/\/addio.eu\/pt-pt\/","logo":{"@type":"ImageObject","inLanguage":"pt-PT","@id":"https:\/\/addio.eu\/pt-pt\/#\/schema\/logo\/image\/","url":"https:\/\/addio.eu\/wp-content\/uploads\/2024\/10\/Lager_1-1.svg","contentUrl":"https:\/\/addio.eu\/wp-content\/uploads\/2024\/10\/Lager_1-1.svg","caption":"Addio electronics"},"image":{"@id":"https:\/\/addio.eu\/pt-pt\/#\/schema\/logo\/image\/"},"sameAs":["https:\/\/www.facebook.com\/AddioElectronicsAB\/","https:\/\/www.linkedin.com\/company\/addio-electronics-ab"]},{"@type":"Person","@id":"https:\/\/addio.eu\/pt-pt\/#\/schema\/person\/91617accca4d373bec39ca5cf7df41ca","name":"Christian Str\u00f6mblad","image":{"@type":"ImageObject","inLanguage":"pt-PT","@id":"https:\/\/addio.eu\/pt-pt\/#\/schema\/person\/image\/","url":"https:\/\/secure.gravatar.com\/avatar\/fc7e565630ef0437746d725dc8a496c3bcbbee2a95baf374b54b74dcbd3e4999?s=96&d=mm&r=g","contentUrl":"https:\/\/secure.gravatar.com\/avatar\/fc7e565630ef0437746d725dc8a496c3bcbbee2a95baf374b54b74dcbd3e4999?s=96&d=mm&r=g","caption":"Christian Str\u00f6mblad"},"sameAs":["https:\/\/addio.eu"],"url":"https:\/\/addio.eu\/pt-pt\/author\/christian-stromblad\/"}]}},"_links":{"self":[{"href":"https:\/\/addio.eu\/pt-pt\/wp-json\/wp\/v2\/posts\/9100","targetHints":{"allow":["GET"]}}],"collection":[{"href":"https:\/\/addio.eu\/pt-pt\/wp-json\/wp\/v2\/posts"}],"about":[{"href":"https:\/\/addio.eu\/pt-pt\/wp-json\/wp\/v2\/types\/post"}],"author":[{"embeddable":true,"href":"https:\/\/addio.eu\/pt-pt\/wp-json\/wp\/v2\/users\/4"}],"replies":[{"embeddable":true,"href":"https:\/\/addio.eu\/pt-pt\/wp-json\/wp\/v2\/comments?post=9100"}],"version-history":[{"count":1,"href":"https:\/\/addio.eu\/pt-pt\/wp-json\/wp\/v2\/posts\/9100\/revisions"}],"predecessor-version":[{"id":9103,"href":"https:\/\/addio.eu\/pt-pt\/wp-json\/wp\/v2\/posts\/9100\/revisions\/9103"}],"wp:featuredmedia":[{"embeddable":true,"href":"https:\/\/addio.eu\/pt-pt\/wp-json\/wp\/v2\/media\/9102"}],"wp:attachment":[{"href":"https:\/\/addio.eu\/pt-pt\/wp-json\/wp\/v2\/media?parent=9100"}],"wp:term":[{"taxonomy":"category","embeddable":true,"href":"https:\/\/addio.eu\/pt-pt\/wp-json\/wp\/v2\/categories?post=9100"},{"taxonomy":"post_tag","embeddable":true,"href":"https:\/\/addio.eu\/pt-pt\/wp-json\/wp\/v2\/tags?post=9100"}],"curies":[{"name":"wp","href":"https:\/\/api.w.org\/{rel}","templated":true}]}}