{"id":9149,"date":"2025-02-03T09:06:00","date_gmt":"2025-02-03T09:06:00","guid":{"rendered":"https:\/\/addio.eu\/bez-kategorii\/swietujemy-nasze-nowe-biuro\/"},"modified":"2025-10-07T11:25:44","modified_gmt":"2025-10-07T11:25:44","slug":"swietujemy-nasze-nowe-biuro","status":"publish","type":"post","link":"https:\/\/addio.eu\/pl\/aktualnosci\/swietujemy-nasze-nowe-biuro\/","title":{"rendered":"\u015awi\u0119tujemy nasze nowe biuro"},"content":{"rendered":"\n<p><strong>Dobrze zaprojektowana przestrze\u0144 robocza, kt\u00f3ra spe\u0142nia potrzeby naszej firmy w zakresie wsp\u00f3\u0142pracy, innowacji i monta\u017cu, sprawia, \u017ce z przyjemno\u015bci\u0105 przychodzimy do pracy ka\u017cdego dnia. Wielkie podzi\u0119kowania dla Exin V\u00e4ster\u00e5s za dostarczenie mebli! <\/strong><a href=\"https:\/\/www.linkedin.com\/search\/results\/all\/?keywords=%23recycling&amp;origin=HASH_TAG_FROM_FEED\">hashtag#recykling<\/a> <a href=\"https:\/\/www.linkedin.com\/search\/results\/all\/?keywords=%23startup&amp;origin=HASH_TAG_FROM_FEED\">hashtag#startup<\/a> <a href=\"https:\/\/www.linkedin.com\/search\/results\/all\/?keywords=%23goingglobal&amp;origin=HASH_TAG_FROM_FEED\">hashtag#ekspansjaglobalna<\/a> <a href=\"https:\/\/www.linkedin.com\/search\/results\/all\/?keywords=%23exin&amp;origin=HASH_TAG_FROM_FEED\">hashtag#Exin<\/a><\/p>\n\n<p>Nasze nowe biuro zapewnia du\u017co miejsca dla nowych wykwalifikowanych cz\u0142onk\u00f3w zespo\u0142u, a tak\u017ce pomieszczenie testowe, przestrze\u0144 na przychodz\u0105ce i wychodz\u0105ce dostawy oraz monta\u017c. Biuro znajduje si\u0119 w V\u00e4ster\u00e5s w Szwecji, blisko naszych dostawc\u00f3w i partner\u00f3w. <\/p>\n\n<p><\/p>\n","protected":false},"excerpt":{"rendered":"<p>Dobrze zaprojektowana przestrze\u0144 robocza, kt\u00f3ra spe\u0142nia potrzeby naszej firmy w zakresie wsp\u00f3\u0142pracy, innowacji i monta\u017cu, sprawia, \u017ce z przyjemno\u015bci\u0105 przychodzimy do pracy ka\u017cdego dnia.<\/p>\n","protected":false},"author":4,"featured_media":9150,"comment_status":"open","ping_status":"open","sticky":false,"template":"","format":"standard","meta":{"footnotes":""},"categories":[151],"tags":[],"class_list":["post-9149","post","type-post","status-publish","format-standard","has-post-thumbnail","hentry","category-aktualnosci"],"yoast_head":"<!-- This site is optimized with the Yoast SEO plugin v26.0 - https:\/\/yoast.com\/wordpress\/plugins\/seo\/ -->\n<title>\u015awi\u0119tujemy nasze nowe biuro - Addio Electronics<\/title>\n<meta name=\"robots\" content=\"index, follow, max-snippet:-1, max-image-preview:large, max-video-preview:-1\" \/>\n<link rel=\"canonical\" href=\"https:\/\/addio.eu\/pl\/aktualnosci\/swietujemy-nasze-nowe-biuro\/\" \/>\n<meta property=\"og:locale\" content=\"pl_PL\" \/>\n<meta property=\"og:type\" content=\"article\" \/>\n<meta property=\"og:title\" content=\"\u015awi\u0119tujemy nasze nowe biuro - Addio Electronics\" \/>\n<meta property=\"og:description\" content=\"Dobrze zaprojektowana przestrze\u0144 robocza, kt\u00f3ra spe\u0142nia potrzeby naszej firmy w zakresie wsp\u00f3\u0142pracy, innowacji i monta\u017cu, sprawia, \u017ce z przyjemno\u015bci\u0105 przychodzimy do pracy ka\u017cdego dnia.\" \/>\n<meta property=\"og:url\" content=\"https:\/\/addio.eu\/pl\/aktualnosci\/swietujemy-nasze-nowe-biuro\/\" \/>\n<meta property=\"og:site_name\" content=\"Addio Electronics\" \/>\n<meta property=\"article:publisher\" content=\"https:\/\/www.facebook.com\/AddioElectronicsAB\/\" \/>\n<meta property=\"article:published_time\" content=\"2025-02-03T09:06:00+00:00\" \/>\n<meta property=\"article:modified_time\" content=\"2025-10-07T11:25:44+00:00\" \/>\n<meta property=\"og:image\" content=\"https:\/\/addio.eu\/wp-content\/uploads\/2025\/03\/office.jpeg\" \/>\n\t<meta property=\"og:image:width\" content=\"2048\" \/>\n\t<meta property=\"og:image:height\" content=\"1454\" \/>\n\t<meta property=\"og:image:type\" content=\"image\/jpeg\" \/>\n<meta name=\"author\" content=\"Christian Str\u00f6mblad\" \/>\n<meta name=\"twitter:card\" content=\"summary_large_image\" \/>\n<meta name=\"twitter:label1\" content=\"Napisane przez\" \/>\n\t<meta name=\"twitter:data1\" content=\"Christian Str\u00f6mblad\" \/>\n<script type=\"application\/ld+json\" class=\"yoast-schema-graph\">{\"@context\":\"https:\/\/schema.org\",\"@graph\":[{\"@type\":\"Article\",\"@id\":\"https:\/\/addio.eu\/pl\/aktualnosci\/swietujemy-nasze-nowe-biuro\/#article\",\"isPartOf\":{\"@id\":\"https:\/\/addio.eu\/pl\/aktualnosci\/swietujemy-nasze-nowe-biuro\/\"},\"author\":{\"name\":\"Christian Str\u00f6mblad\",\"@id\":\"https:\/\/addio.eu\/pl\/#\/schema\/person\/91617accca4d373bec39ca5cf7df41ca\"},\"headline\":\"\u015awi\u0119tujemy nasze nowe biuro\",\"datePublished\":\"2025-02-03T09:06:00+00:00\",\"dateModified\":\"2025-10-07T11:25:44+00:00\",\"mainEntityOfPage\":{\"@id\":\"https:\/\/addio.eu\/pl\/aktualnosci\/swietujemy-nasze-nowe-biuro\/\"},\"wordCount\":100,\"commentCount\":0,\"publisher\":{\"@id\":\"https:\/\/addio.eu\/pl\/#organization\"},\"image\":{\"@id\":\"https:\/\/addio.eu\/pl\/aktualnosci\/swietujemy-nasze-nowe-biuro\/#primaryimage\"},\"thumbnailUrl\":\"https:\/\/addio.eu\/wp-content\/uploads\/2025\/03\/office.jpeg\",\"articleSection\":[\"Aktualno\u015bci\"],\"inLanguage\":\"pl-PL\",\"potentialAction\":[{\"@type\":\"CommentAction\",\"name\":\"Comment\",\"target\":[\"https:\/\/addio.eu\/pl\/aktualnosci\/swietujemy-nasze-nowe-biuro\/#respond\"]}]},{\"@type\":\"WebPage\",\"@id\":\"https:\/\/addio.eu\/pl\/aktualnosci\/swietujemy-nasze-nowe-biuro\/\",\"url\":\"https:\/\/addio.eu\/pl\/aktualnosci\/swietujemy-nasze-nowe-biuro\/\",\"name\":\"\u015awi\u0119tujemy nasze nowe biuro - Addio Electronics\",\"isPartOf\":{\"@id\":\"https:\/\/addio.eu\/pl\/#website\"},\"primaryImageOfPage\":{\"@id\":\"https:\/\/addio.eu\/pl\/aktualnosci\/swietujemy-nasze-nowe-biuro\/#primaryimage\"},\"image\":{\"@id\":\"https:\/\/addio.eu\/pl\/aktualnosci\/swietujemy-nasze-nowe-biuro\/#primaryimage\"},\"thumbnailUrl\":\"https:\/\/addio.eu\/wp-content\/uploads\/2025\/03\/office.jpeg\",\"datePublished\":\"2025-02-03T09:06:00+00:00\",\"dateModified\":\"2025-10-07T11:25:44+00:00\",\"breadcrumb\":{\"@id\":\"https:\/\/addio.eu\/pl\/aktualnosci\/swietujemy-nasze-nowe-biuro\/#breadcrumb\"},\"inLanguage\":\"pl-PL\",\"potentialAction\":[{\"@type\":\"ReadAction\",\"target\":[\"https:\/\/addio.eu\/pl\/aktualnosci\/swietujemy-nasze-nowe-biuro\/\"]}]},{\"@type\":\"ImageObject\",\"inLanguage\":\"pl-PL\",\"@id\":\"https:\/\/addio.eu\/pl\/aktualnosci\/swietujemy-nasze-nowe-biuro\/#primaryimage\",\"url\":\"https:\/\/addio.eu\/wp-content\/uploads\/2025\/03\/office.jpeg\",\"contentUrl\":\"https:\/\/addio.eu\/wp-content\/uploads\/2025\/03\/office.jpeg\",\"width\":2048,\"height\":1454},{\"@type\":\"BreadcrumbList\",\"@id\":\"https:\/\/addio.eu\/pl\/aktualnosci\/swietujemy-nasze-nowe-biuro\/#breadcrumb\",\"itemListElement\":[{\"@type\":\"ListItem\",\"position\":1,\"name\":\"Home\",\"item\":\"https:\/\/addio.eu\/pl\/strona-glowna-addio\/\"},{\"@type\":\"ListItem\",\"position\":2,\"name\":\"\u015awi\u0119tujemy nasze nowe biuro\"}]},{\"@type\":\"WebSite\",\"@id\":\"https:\/\/addio.eu\/pl\/#website\",\"url\":\"https:\/\/addio.eu\/pl\/\",\"name\":\"addio.eu\",\"description\":\"\",\"publisher\":{\"@id\":\"https:\/\/addio.eu\/pl\/#organization\"},\"potentialAction\":[{\"@type\":\"SearchAction\",\"target\":{\"@type\":\"EntryPoint\",\"urlTemplate\":\"https:\/\/addio.eu\/pl\/?s={search_term_string}\"},\"query-input\":{\"@type\":\"PropertyValueSpecification\",\"valueRequired\":true,\"valueName\":\"search_term_string\"}}],\"inLanguage\":\"pl-PL\"},{\"@type\":\"Organization\",\"@id\":\"https:\/\/addio.eu\/pl\/#organization\",\"name\":\"Addio electronics\",\"url\":\"https:\/\/addio.eu\/pl\/\",\"logo\":{\"@type\":\"ImageObject\",\"inLanguage\":\"pl-PL\",\"@id\":\"https:\/\/addio.eu\/pl\/#\/schema\/logo\/image\/\",\"url\":\"https:\/\/addio.eu\/wp-content\/uploads\/2024\/10\/Lager_1-1.svg\",\"contentUrl\":\"https:\/\/addio.eu\/wp-content\/uploads\/2024\/10\/Lager_1-1.svg\",\"caption\":\"Addio electronics\"},\"image\":{\"@id\":\"https:\/\/addio.eu\/pl\/#\/schema\/logo\/image\/\"},\"sameAs\":[\"https:\/\/www.facebook.com\/AddioElectronicsAB\/\",\"https:\/\/www.linkedin.com\/company\/addio-electronics-ab\"]},{\"@type\":\"Person\",\"@id\":\"https:\/\/addio.eu\/pl\/#\/schema\/person\/91617accca4d373bec39ca5cf7df41ca\",\"name\":\"Christian Str\u00f6mblad\",\"image\":{\"@type\":\"ImageObject\",\"inLanguage\":\"pl-PL\",\"@id\":\"https:\/\/addio.eu\/pl\/#\/schema\/person\/image\/\",\"url\":\"https:\/\/secure.gravatar.com\/avatar\/fc7e565630ef0437746d725dc8a496c3bcbbee2a95baf374b54b74dcbd3e4999?s=96&d=mm&r=g\",\"contentUrl\":\"https:\/\/secure.gravatar.com\/avatar\/fc7e565630ef0437746d725dc8a496c3bcbbee2a95baf374b54b74dcbd3e4999?s=96&d=mm&r=g\",\"caption\":\"Christian Str\u00f6mblad\"},\"sameAs\":[\"https:\/\/addio.eu\"],\"url\":\"https:\/\/addio.eu\/pl\/author\/christian-stromblad\/\"}]}<\/script>\n<!-- \/ Yoast SEO plugin. -->","yoast_head_json":{"title":"\u015awi\u0119tujemy nasze nowe biuro - Addio Electronics","robots":{"index":"index","follow":"follow","max-snippet":"max-snippet:-1","max-image-preview":"max-image-preview:large","max-video-preview":"max-video-preview:-1"},"canonical":"https:\/\/addio.eu\/pl\/aktualnosci\/swietujemy-nasze-nowe-biuro\/","og_locale":"pl_PL","og_type":"article","og_title":"\u015awi\u0119tujemy nasze nowe biuro - Addio Electronics","og_description":"Dobrze zaprojektowana przestrze\u0144 robocza, kt\u00f3ra spe\u0142nia potrzeby naszej firmy w zakresie wsp\u00f3\u0142pracy, innowacji i monta\u017cu, sprawia, \u017ce z przyjemno\u015bci\u0105 przychodzimy do pracy ka\u017cdego dnia.","og_url":"https:\/\/addio.eu\/pl\/aktualnosci\/swietujemy-nasze-nowe-biuro\/","og_site_name":"Addio Electronics","article_publisher":"https:\/\/www.facebook.com\/AddioElectronicsAB\/","article_published_time":"2025-02-03T09:06:00+00:00","article_modified_time":"2025-10-07T11:25:44+00:00","og_image":[{"width":2048,"height":1454,"url":"https:\/\/addio.eu\/wp-content\/uploads\/2025\/03\/office.jpeg","type":"image\/jpeg"}],"author":"Christian Str\u00f6mblad","twitter_card":"summary_large_image","twitter_misc":{"Napisane przez":"Christian Str\u00f6mblad"},"schema":{"@context":"https:\/\/schema.org","@graph":[{"@type":"Article","@id":"https:\/\/addio.eu\/pl\/aktualnosci\/swietujemy-nasze-nowe-biuro\/#article","isPartOf":{"@id":"https:\/\/addio.eu\/pl\/aktualnosci\/swietujemy-nasze-nowe-biuro\/"},"author":{"name":"Christian Str\u00f6mblad","@id":"https:\/\/addio.eu\/pl\/#\/schema\/person\/91617accca4d373bec39ca5cf7df41ca"},"headline":"\u015awi\u0119tujemy nasze nowe biuro","datePublished":"2025-02-03T09:06:00+00:00","dateModified":"2025-10-07T11:25:44+00:00","mainEntityOfPage":{"@id":"https:\/\/addio.eu\/pl\/aktualnosci\/swietujemy-nasze-nowe-biuro\/"},"wordCount":100,"commentCount":0,"publisher":{"@id":"https:\/\/addio.eu\/pl\/#organization"},"image":{"@id":"https:\/\/addio.eu\/pl\/aktualnosci\/swietujemy-nasze-nowe-biuro\/#primaryimage"},"thumbnailUrl":"https:\/\/addio.eu\/wp-content\/uploads\/2025\/03\/office.jpeg","articleSection":["Aktualno\u015bci"],"inLanguage":"pl-PL","potentialAction":[{"@type":"CommentAction","name":"Comment","target":["https:\/\/addio.eu\/pl\/aktualnosci\/swietujemy-nasze-nowe-biuro\/#respond"]}]},{"@type":"WebPage","@id":"https:\/\/addio.eu\/pl\/aktualnosci\/swietujemy-nasze-nowe-biuro\/","url":"https:\/\/addio.eu\/pl\/aktualnosci\/swietujemy-nasze-nowe-biuro\/","name":"\u015awi\u0119tujemy nasze nowe biuro - Addio Electronics","isPartOf":{"@id":"https:\/\/addio.eu\/pl\/#website"},"primaryImageOfPage":{"@id":"https:\/\/addio.eu\/pl\/aktualnosci\/swietujemy-nasze-nowe-biuro\/#primaryimage"},"image":{"@id":"https:\/\/addio.eu\/pl\/aktualnosci\/swietujemy-nasze-nowe-biuro\/#primaryimage"},"thumbnailUrl":"https:\/\/addio.eu\/wp-content\/uploads\/2025\/03\/office.jpeg","datePublished":"2025-02-03T09:06:00+00:00","dateModified":"2025-10-07T11:25:44+00:00","breadcrumb":{"@id":"https:\/\/addio.eu\/pl\/aktualnosci\/swietujemy-nasze-nowe-biuro\/#breadcrumb"},"inLanguage":"pl-PL","potentialAction":[{"@type":"ReadAction","target":["https:\/\/addio.eu\/pl\/aktualnosci\/swietujemy-nasze-nowe-biuro\/"]}]},{"@type":"ImageObject","inLanguage":"pl-PL","@id":"https:\/\/addio.eu\/pl\/aktualnosci\/swietujemy-nasze-nowe-biuro\/#primaryimage","url":"https:\/\/addio.eu\/wp-content\/uploads\/2025\/03\/office.jpeg","contentUrl":"https:\/\/addio.eu\/wp-content\/uploads\/2025\/03\/office.jpeg","width":2048,"height":1454},{"@type":"BreadcrumbList","@id":"https:\/\/addio.eu\/pl\/aktualnosci\/swietujemy-nasze-nowe-biuro\/#breadcrumb","itemListElement":[{"@type":"ListItem","position":1,"name":"Home","item":"https:\/\/addio.eu\/pl\/strona-glowna-addio\/"},{"@type":"ListItem","position":2,"name":"\u015awi\u0119tujemy nasze nowe biuro"}]},{"@type":"WebSite","@id":"https:\/\/addio.eu\/pl\/#website","url":"https:\/\/addio.eu\/pl\/","name":"addio.eu","description":"","publisher":{"@id":"https:\/\/addio.eu\/pl\/#organization"},"potentialAction":[{"@type":"SearchAction","target":{"@type":"EntryPoint","urlTemplate":"https:\/\/addio.eu\/pl\/?s={search_term_string}"},"query-input":{"@type":"PropertyValueSpecification","valueRequired":true,"valueName":"search_term_string"}}],"inLanguage":"pl-PL"},{"@type":"Organization","@id":"https:\/\/addio.eu\/pl\/#organization","name":"Addio electronics","url":"https:\/\/addio.eu\/pl\/","logo":{"@type":"ImageObject","inLanguage":"pl-PL","@id":"https:\/\/addio.eu\/pl\/#\/schema\/logo\/image\/","url":"https:\/\/addio.eu\/wp-content\/uploads\/2024\/10\/Lager_1-1.svg","contentUrl":"https:\/\/addio.eu\/wp-content\/uploads\/2024\/10\/Lager_1-1.svg","caption":"Addio electronics"},"image":{"@id":"https:\/\/addio.eu\/pl\/#\/schema\/logo\/image\/"},"sameAs":["https:\/\/www.facebook.com\/AddioElectronicsAB\/","https:\/\/www.linkedin.com\/company\/addio-electronics-ab"]},{"@type":"Person","@id":"https:\/\/addio.eu\/pl\/#\/schema\/person\/91617accca4d373bec39ca5cf7df41ca","name":"Christian Str\u00f6mblad","image":{"@type":"ImageObject","inLanguage":"pl-PL","@id":"https:\/\/addio.eu\/pl\/#\/schema\/person\/image\/","url":"https:\/\/secure.gravatar.com\/avatar\/fc7e565630ef0437746d725dc8a496c3bcbbee2a95baf374b54b74dcbd3e4999?s=96&d=mm&r=g","contentUrl":"https:\/\/secure.gravatar.com\/avatar\/fc7e565630ef0437746d725dc8a496c3bcbbee2a95baf374b54b74dcbd3e4999?s=96&d=mm&r=g","caption":"Christian Str\u00f6mblad"},"sameAs":["https:\/\/addio.eu"],"url":"https:\/\/addio.eu\/pl\/author\/christian-stromblad\/"}]}},"_links":{"self":[{"href":"https:\/\/addio.eu\/pl\/wp-json\/wp\/v2\/posts\/9149","targetHints":{"allow":["GET"]}}],"collection":[{"href":"https:\/\/addio.eu\/pl\/wp-json\/wp\/v2\/posts"}],"about":[{"href":"https:\/\/addio.eu\/pl\/wp-json\/wp\/v2\/types\/post"}],"author":[{"embeddable":true,"href":"https:\/\/addio.eu\/pl\/wp-json\/wp\/v2\/users\/4"}],"replies":[{"embeddable":true,"href":"https:\/\/addio.eu\/pl\/wp-json\/wp\/v2\/comments?post=9149"}],"version-history":[{"count":1,"href":"https:\/\/addio.eu\/pl\/wp-json\/wp\/v2\/posts\/9149\/revisions"}],"predecessor-version":[{"id":9151,"href":"https:\/\/addio.eu\/pl\/wp-json\/wp\/v2\/posts\/9149\/revisions\/9151"}],"wp:featuredmedia":[{"embeddable":true,"href":"https:\/\/addio.eu\/pl\/wp-json\/wp\/v2\/media\/9150"}],"wp:attachment":[{"href":"https:\/\/addio.eu\/pl\/wp-json\/wp\/v2\/media?parent=9149"}],"wp:term":[{"taxonomy":"category","embeddable":true,"href":"https:\/\/addio.eu\/pl\/wp-json\/wp\/v2\/categories?post=9149"},{"taxonomy":"post_tag","embeddable":true,"href":"https:\/\/addio.eu\/pl\/wp-json\/wp\/v2\/tags?post=9149"}],"curies":[{"name":"wp","href":"https:\/\/api.w.org\/{rel}","templated":true}]}}