{"id":9121,"date":"2025-03-12T14:51:43","date_gmt":"2025-03-12T14:51:43","guid":{"rendered":"https:\/\/addio.eu\/bez-kategorii\/partnerstwo-addio-i-alier-w-norwegii\/"},"modified":"2025-10-07T11:25:31","modified_gmt":"2025-10-07T11:25:31","slug":"partnerstwo-addio-i-alier-w-norwegii","status":"publish","type":"post","link":"https:\/\/addio.eu\/pl\/aktualnosci\/partnerstwo-addio-i-alier-w-norwegii\/","title":{"rendered":"Partnerstwo Addio i Alier w Norwegii"},"content":{"rendered":"\n<p>Z rado\u015bci\u0105 og\u0142aszamy nasze partnerstwo z Alier AS, jednym z najwi\u0119kszych specjalist\u00f3w od adaptacji pojazd\u00f3w w Norwegii z histori\u0105 si\u0119gaj\u0105c\u0105 1986 roku. Prowadz\u0105c 11 lokalizacji w ca\u0142ym kraju i zatrudniaj\u0105c ponad 100 profesjonalist\u00f3w, Alier AS oferuje kompleksow\u0105 gam\u0119 us\u0142ug, w tym modyfikacje pojazd\u00f3w, rozwi\u0105zania grzewcze i instalacje specjalistycznego wyposa\u017cenia. Ich zaanga\u017cowanie w jako\u015b\u0107 i innowacyjno\u015b\u0107 doskonale wsp\u00f3\u0142gra z naszym zobowi\u0105zaniem do doskona\u0142o\u015bci i cieszymy si\u0119 na wsp\u00f3lne osi\u0105gni\u0119cia.  <\/p>\n\n<p><\/p>\n","protected":false},"excerpt":{"rendered":"<p>Z rado\u015bci\u0105 og\u0142aszamy nasze partnerstwo z Alier AS, jednym z najwi\u0119kszych specjalist\u00f3w od adaptacji pojazd\u00f3w w Norwegii, posiadaj\u0105cym 11 lokalizacji od p\u00f3\u0142nocy do po\u0142udnia.<\/p>\n","protected":false},"author":4,"featured_media":9124,"comment_status":"open","ping_status":"open","sticky":false,"template":"","format":"standard","meta":{"footnotes":""},"categories":[151],"tags":[],"class_list":["post-9121","post","type-post","status-publish","format-standard","has-post-thumbnail","hentry","category-aktualnosci"],"yoast_head":"<!-- This site is optimized with the Yoast SEO plugin v26.0 - https:\/\/yoast.com\/wordpress\/plugins\/seo\/ -->\n<title>Partnerstwo Addio i Alier w Norwegii - Addio Electronics<\/title>\n<meta name=\"robots\" content=\"index, follow, max-snippet:-1, max-image-preview:large, max-video-preview:-1\" \/>\n<link rel=\"canonical\" href=\"https:\/\/addio.eu\/pl\/aktualnosci\/partnerstwo-addio-i-alier-w-norwegii\/\" \/>\n<meta property=\"og:locale\" content=\"pl_PL\" \/>\n<meta property=\"og:type\" content=\"article\" \/>\n<meta property=\"og:title\" content=\"Partnerstwo Addio i Alier w Norwegii - Addio Electronics\" \/>\n<meta property=\"og:description\" content=\"Z rado\u015bci\u0105 og\u0142aszamy nasze partnerstwo z Alier AS, jednym z najwi\u0119kszych specjalist\u00f3w od adaptacji pojazd\u00f3w w Norwegii, posiadaj\u0105cym 11 lokalizacji od p\u00f3\u0142nocy do po\u0142udnia.\" \/>\n<meta property=\"og:url\" content=\"https:\/\/addio.eu\/pl\/aktualnosci\/partnerstwo-addio-i-alier-w-norwegii\/\" \/>\n<meta property=\"og:site_name\" content=\"Addio Electronics\" \/>\n<meta property=\"article:publisher\" content=\"https:\/\/www.facebook.com\/AddioElectronicsAB\/\" \/>\n<meta property=\"article:published_time\" content=\"2025-03-12T14:51:43+00:00\" \/>\n<meta property=\"article:modified_time\" content=\"2025-10-07T11:25:31+00:00\" \/>\n<meta property=\"og:image\" content=\"https:\/\/addio.eu\/wp-content\/uploads\/2025\/03\/Alier-logo.png\" \/>\n\t<meta property=\"og:image:width\" content=\"749\" \/>\n\t<meta property=\"og:image:height\" content=\"288\" \/>\n\t<meta property=\"og:image:type\" content=\"image\/png\" \/>\n<meta name=\"author\" content=\"Christian Str\u00f6mblad\" \/>\n<meta name=\"twitter:card\" content=\"summary_large_image\" \/>\n<meta name=\"twitter:label1\" content=\"Napisane przez\" \/>\n\t<meta name=\"twitter:data1\" content=\"Christian Str\u00f6mblad\" \/>\n<script type=\"application\/ld+json\" class=\"yoast-schema-graph\">{\"@context\":\"https:\/\/schema.org\",\"@graph\":[{\"@type\":\"Article\",\"@id\":\"https:\/\/addio.eu\/pl\/aktualnosci\/partnerstwo-addio-i-alier-w-norwegii\/#article\",\"isPartOf\":{\"@id\":\"https:\/\/addio.eu\/pl\/aktualnosci\/partnerstwo-addio-i-alier-w-norwegii\/\"},\"author\":{\"name\":\"Christian Str\u00f6mblad\",\"@id\":\"https:\/\/addio.eu\/pl\/#\/schema\/person\/91617accca4d373bec39ca5cf7df41ca\"},\"headline\":\"Partnerstwo Addio i Alier w Norwegii\",\"datePublished\":\"2025-03-12T14:51:43+00:00\",\"dateModified\":\"2025-10-07T11:25:31+00:00\",\"mainEntityOfPage\":{\"@id\":\"https:\/\/addio.eu\/pl\/aktualnosci\/partnerstwo-addio-i-alier-w-norwegii\/\"},\"wordCount\":94,\"commentCount\":0,\"publisher\":{\"@id\":\"https:\/\/addio.eu\/pl\/#organization\"},\"image\":{\"@id\":\"https:\/\/addio.eu\/pl\/aktualnosci\/partnerstwo-addio-i-alier-w-norwegii\/#primaryimage\"},\"thumbnailUrl\":\"https:\/\/addio.eu\/wp-content\/uploads\/2025\/03\/Alier-logo.png\",\"articleSection\":[\"Aktualno\u015bci\"],\"inLanguage\":\"pl-PL\",\"potentialAction\":[{\"@type\":\"CommentAction\",\"name\":\"Comment\",\"target\":[\"https:\/\/addio.eu\/pl\/aktualnosci\/partnerstwo-addio-i-alier-w-norwegii\/#respond\"]}]},{\"@type\":\"WebPage\",\"@id\":\"https:\/\/addio.eu\/pl\/aktualnosci\/partnerstwo-addio-i-alier-w-norwegii\/\",\"url\":\"https:\/\/addio.eu\/pl\/aktualnosci\/partnerstwo-addio-i-alier-w-norwegii\/\",\"name\":\"Partnerstwo Addio i Alier w Norwegii - Addio Electronics\",\"isPartOf\":{\"@id\":\"https:\/\/addio.eu\/pl\/#website\"},\"primaryImageOfPage\":{\"@id\":\"https:\/\/addio.eu\/pl\/aktualnosci\/partnerstwo-addio-i-alier-w-norwegii\/#primaryimage\"},\"image\":{\"@id\":\"https:\/\/addio.eu\/pl\/aktualnosci\/partnerstwo-addio-i-alier-w-norwegii\/#primaryimage\"},\"thumbnailUrl\":\"https:\/\/addio.eu\/wp-content\/uploads\/2025\/03\/Alier-logo.png\",\"datePublished\":\"2025-03-12T14:51:43+00:00\",\"dateModified\":\"2025-10-07T11:25:31+00:00\",\"breadcrumb\":{\"@id\":\"https:\/\/addio.eu\/pl\/aktualnosci\/partnerstwo-addio-i-alier-w-norwegii\/#breadcrumb\"},\"inLanguage\":\"pl-PL\",\"potentialAction\":[{\"@type\":\"ReadAction\",\"target\":[\"https:\/\/addio.eu\/pl\/aktualnosci\/partnerstwo-addio-i-alier-w-norwegii\/\"]}]},{\"@type\":\"ImageObject\",\"inLanguage\":\"pl-PL\",\"@id\":\"https:\/\/addio.eu\/pl\/aktualnosci\/partnerstwo-addio-i-alier-w-norwegii\/#primaryimage\",\"url\":\"https:\/\/addio.eu\/wp-content\/uploads\/2025\/03\/Alier-logo.png\",\"contentUrl\":\"https:\/\/addio.eu\/wp-content\/uploads\/2025\/03\/Alier-logo.png\",\"width\":749,\"height\":288},{\"@type\":\"BreadcrumbList\",\"@id\":\"https:\/\/addio.eu\/pl\/aktualnosci\/partnerstwo-addio-i-alier-w-norwegii\/#breadcrumb\",\"itemListElement\":[{\"@type\":\"ListItem\",\"position\":1,\"name\":\"Home\",\"item\":\"https:\/\/addio.eu\/pl\/strona-glowna-addio\/\"},{\"@type\":\"ListItem\",\"position\":2,\"name\":\"Partnerstwo Addio i Alier w Norwegii\"}]},{\"@type\":\"WebSite\",\"@id\":\"https:\/\/addio.eu\/pl\/#website\",\"url\":\"https:\/\/addio.eu\/pl\/\",\"name\":\"addio.eu\",\"description\":\"\",\"publisher\":{\"@id\":\"https:\/\/addio.eu\/pl\/#organization\"},\"potentialAction\":[{\"@type\":\"SearchAction\",\"target\":{\"@type\":\"EntryPoint\",\"urlTemplate\":\"https:\/\/addio.eu\/pl\/?s={search_term_string}\"},\"query-input\":{\"@type\":\"PropertyValueSpecification\",\"valueRequired\":true,\"valueName\":\"search_term_string\"}}],\"inLanguage\":\"pl-PL\"},{\"@type\":\"Organization\",\"@id\":\"https:\/\/addio.eu\/pl\/#organization\",\"name\":\"Addio electronics\",\"url\":\"https:\/\/addio.eu\/pl\/\",\"logo\":{\"@type\":\"ImageObject\",\"inLanguage\":\"pl-PL\",\"@id\":\"https:\/\/addio.eu\/pl\/#\/schema\/logo\/image\/\",\"url\":\"https:\/\/addio.eu\/wp-content\/uploads\/2024\/10\/Lager_1-1.svg\",\"contentUrl\":\"https:\/\/addio.eu\/wp-content\/uploads\/2024\/10\/Lager_1-1.svg\",\"caption\":\"Addio electronics\"},\"image\":{\"@id\":\"https:\/\/addio.eu\/pl\/#\/schema\/logo\/image\/\"},\"sameAs\":[\"https:\/\/www.facebook.com\/AddioElectronicsAB\/\",\"https:\/\/www.linkedin.com\/company\/addio-electronics-ab\"]},{\"@type\":\"Person\",\"@id\":\"https:\/\/addio.eu\/pl\/#\/schema\/person\/91617accca4d373bec39ca5cf7df41ca\",\"name\":\"Christian Str\u00f6mblad\",\"image\":{\"@type\":\"ImageObject\",\"inLanguage\":\"pl-PL\",\"@id\":\"https:\/\/addio.eu\/pl\/#\/schema\/person\/image\/\",\"url\":\"https:\/\/secure.gravatar.com\/avatar\/fc7e565630ef0437746d725dc8a496c3bcbbee2a95baf374b54b74dcbd3e4999?s=96&d=mm&r=g\",\"contentUrl\":\"https:\/\/secure.gravatar.com\/avatar\/fc7e565630ef0437746d725dc8a496c3bcbbee2a95baf374b54b74dcbd3e4999?s=96&d=mm&r=g\",\"caption\":\"Christian Str\u00f6mblad\"},\"sameAs\":[\"https:\/\/addio.eu\"],\"url\":\"https:\/\/addio.eu\/pl\/author\/christian-stromblad\/\"}]}<\/script>\n<!-- \/ Yoast SEO plugin. -->","yoast_head_json":{"title":"Partnerstwo Addio i Alier w Norwegii - Addio Electronics","robots":{"index":"index","follow":"follow","max-snippet":"max-snippet:-1","max-image-preview":"max-image-preview:large","max-video-preview":"max-video-preview:-1"},"canonical":"https:\/\/addio.eu\/pl\/aktualnosci\/partnerstwo-addio-i-alier-w-norwegii\/","og_locale":"pl_PL","og_type":"article","og_title":"Partnerstwo Addio i Alier w Norwegii - Addio Electronics","og_description":"Z rado\u015bci\u0105 og\u0142aszamy nasze partnerstwo z Alier AS, jednym z najwi\u0119kszych specjalist\u00f3w od adaptacji pojazd\u00f3w w Norwegii, posiadaj\u0105cym 11 lokalizacji od p\u00f3\u0142nocy do po\u0142udnia.","og_url":"https:\/\/addio.eu\/pl\/aktualnosci\/partnerstwo-addio-i-alier-w-norwegii\/","og_site_name":"Addio Electronics","article_publisher":"https:\/\/www.facebook.com\/AddioElectronicsAB\/","article_published_time":"2025-03-12T14:51:43+00:00","article_modified_time":"2025-10-07T11:25:31+00:00","og_image":[{"width":749,"height":288,"url":"https:\/\/addio.eu\/wp-content\/uploads\/2025\/03\/Alier-logo.png","type":"image\/png"}],"author":"Christian Str\u00f6mblad","twitter_card":"summary_large_image","twitter_misc":{"Napisane przez":"Christian Str\u00f6mblad"},"schema":{"@context":"https:\/\/schema.org","@graph":[{"@type":"Article","@id":"https:\/\/addio.eu\/pl\/aktualnosci\/partnerstwo-addio-i-alier-w-norwegii\/#article","isPartOf":{"@id":"https:\/\/addio.eu\/pl\/aktualnosci\/partnerstwo-addio-i-alier-w-norwegii\/"},"author":{"name":"Christian Str\u00f6mblad","@id":"https:\/\/addio.eu\/pl\/#\/schema\/person\/91617accca4d373bec39ca5cf7df41ca"},"headline":"Partnerstwo Addio i Alier w Norwegii","datePublished":"2025-03-12T14:51:43+00:00","dateModified":"2025-10-07T11:25:31+00:00","mainEntityOfPage":{"@id":"https:\/\/addio.eu\/pl\/aktualnosci\/partnerstwo-addio-i-alier-w-norwegii\/"},"wordCount":94,"commentCount":0,"publisher":{"@id":"https:\/\/addio.eu\/pl\/#organization"},"image":{"@id":"https:\/\/addio.eu\/pl\/aktualnosci\/partnerstwo-addio-i-alier-w-norwegii\/#primaryimage"},"thumbnailUrl":"https:\/\/addio.eu\/wp-content\/uploads\/2025\/03\/Alier-logo.png","articleSection":["Aktualno\u015bci"],"inLanguage":"pl-PL","potentialAction":[{"@type":"CommentAction","name":"Comment","target":["https:\/\/addio.eu\/pl\/aktualnosci\/partnerstwo-addio-i-alier-w-norwegii\/#respond"]}]},{"@type":"WebPage","@id":"https:\/\/addio.eu\/pl\/aktualnosci\/partnerstwo-addio-i-alier-w-norwegii\/","url":"https:\/\/addio.eu\/pl\/aktualnosci\/partnerstwo-addio-i-alier-w-norwegii\/","name":"Partnerstwo Addio i Alier w Norwegii - Addio Electronics","isPartOf":{"@id":"https:\/\/addio.eu\/pl\/#website"},"primaryImageOfPage":{"@id":"https:\/\/addio.eu\/pl\/aktualnosci\/partnerstwo-addio-i-alier-w-norwegii\/#primaryimage"},"image":{"@id":"https:\/\/addio.eu\/pl\/aktualnosci\/partnerstwo-addio-i-alier-w-norwegii\/#primaryimage"},"thumbnailUrl":"https:\/\/addio.eu\/wp-content\/uploads\/2025\/03\/Alier-logo.png","datePublished":"2025-03-12T14:51:43+00:00","dateModified":"2025-10-07T11:25:31+00:00","breadcrumb":{"@id":"https:\/\/addio.eu\/pl\/aktualnosci\/partnerstwo-addio-i-alier-w-norwegii\/#breadcrumb"},"inLanguage":"pl-PL","potentialAction":[{"@type":"ReadAction","target":["https:\/\/addio.eu\/pl\/aktualnosci\/partnerstwo-addio-i-alier-w-norwegii\/"]}]},{"@type":"ImageObject","inLanguage":"pl-PL","@id":"https:\/\/addio.eu\/pl\/aktualnosci\/partnerstwo-addio-i-alier-w-norwegii\/#primaryimage","url":"https:\/\/addio.eu\/wp-content\/uploads\/2025\/03\/Alier-logo.png","contentUrl":"https:\/\/addio.eu\/wp-content\/uploads\/2025\/03\/Alier-logo.png","width":749,"height":288},{"@type":"BreadcrumbList","@id":"https:\/\/addio.eu\/pl\/aktualnosci\/partnerstwo-addio-i-alier-w-norwegii\/#breadcrumb","itemListElement":[{"@type":"ListItem","position":1,"name":"Home","item":"https:\/\/addio.eu\/pl\/strona-glowna-addio\/"},{"@type":"ListItem","position":2,"name":"Partnerstwo Addio i Alier w Norwegii"}]},{"@type":"WebSite","@id":"https:\/\/addio.eu\/pl\/#website","url":"https:\/\/addio.eu\/pl\/","name":"addio.eu","description":"","publisher":{"@id":"https:\/\/addio.eu\/pl\/#organization"},"potentialAction":[{"@type":"SearchAction","target":{"@type":"EntryPoint","urlTemplate":"https:\/\/addio.eu\/pl\/?s={search_term_string}"},"query-input":{"@type":"PropertyValueSpecification","valueRequired":true,"valueName":"search_term_string"}}],"inLanguage":"pl-PL"},{"@type":"Organization","@id":"https:\/\/addio.eu\/pl\/#organization","name":"Addio electronics","url":"https:\/\/addio.eu\/pl\/","logo":{"@type":"ImageObject","inLanguage":"pl-PL","@id":"https:\/\/addio.eu\/pl\/#\/schema\/logo\/image\/","url":"https:\/\/addio.eu\/wp-content\/uploads\/2024\/10\/Lager_1-1.svg","contentUrl":"https:\/\/addio.eu\/wp-content\/uploads\/2024\/10\/Lager_1-1.svg","caption":"Addio electronics"},"image":{"@id":"https:\/\/addio.eu\/pl\/#\/schema\/logo\/image\/"},"sameAs":["https:\/\/www.facebook.com\/AddioElectronicsAB\/","https:\/\/www.linkedin.com\/company\/addio-electronics-ab"]},{"@type":"Person","@id":"https:\/\/addio.eu\/pl\/#\/schema\/person\/91617accca4d373bec39ca5cf7df41ca","name":"Christian Str\u00f6mblad","image":{"@type":"ImageObject","inLanguage":"pl-PL","@id":"https:\/\/addio.eu\/pl\/#\/schema\/person\/image\/","url":"https:\/\/secure.gravatar.com\/avatar\/fc7e565630ef0437746d725dc8a496c3bcbbee2a95baf374b54b74dcbd3e4999?s=96&d=mm&r=g","contentUrl":"https:\/\/secure.gravatar.com\/avatar\/fc7e565630ef0437746d725dc8a496c3bcbbee2a95baf374b54b74dcbd3e4999?s=96&d=mm&r=g","caption":"Christian Str\u00f6mblad"},"sameAs":["https:\/\/addio.eu"],"url":"https:\/\/addio.eu\/pl\/author\/christian-stromblad\/"}]}},"_links":{"self":[{"href":"https:\/\/addio.eu\/pl\/wp-json\/wp\/v2\/posts\/9121","targetHints":{"allow":["GET"]}}],"collection":[{"href":"https:\/\/addio.eu\/pl\/wp-json\/wp\/v2\/posts"}],"about":[{"href":"https:\/\/addio.eu\/pl\/wp-json\/wp\/v2\/types\/post"}],"author":[{"embeddable":true,"href":"https:\/\/addio.eu\/pl\/wp-json\/wp\/v2\/users\/4"}],"replies":[{"embeddable":true,"href":"https:\/\/addio.eu\/pl\/wp-json\/wp\/v2\/comments?post=9121"}],"version-history":[{"count":1,"href":"https:\/\/addio.eu\/pl\/wp-json\/wp\/v2\/posts\/9121\/revisions"}],"predecessor-version":[{"id":9126,"href":"https:\/\/addio.eu\/pl\/wp-json\/wp\/v2\/posts\/9121\/revisions\/9126"}],"wp:featuredmedia":[{"embeddable":true,"href":"https:\/\/addio.eu\/pl\/wp-json\/wp\/v2\/media\/9124"}],"wp:attachment":[{"href":"https:\/\/addio.eu\/pl\/wp-json\/wp\/v2\/media?parent=9121"}],"wp:term":[{"taxonomy":"category","embeddable":true,"href":"https:\/\/addio.eu\/pl\/wp-json\/wp\/v2\/categories?post=9121"},{"taxonomy":"post_tag","embeddable":true,"href":"https:\/\/addio.eu\/pl\/wp-json\/wp\/v2\/tags?post=9121"}],"curies":[{"name":"wp","href":"https:\/\/api.w.org\/{rel}","templated":true}]}}