{"id":15116,"date":"2025-02-03T09:06:00","date_gmt":"2025-02-03T09:06:00","guid":{"rendered":"https:\/\/addio.eu\/uncategorized-et\/tahistame-oma-uut-kontorit\/"},"modified":"2026-01-23T09:14:49","modified_gmt":"2026-01-23T09:14:49","slug":"tahistame-oma-uut-kontorit","status":"publish","type":"post","link":"https:\/\/addio.eu\/et\/uudised\/tahistame-oma-uut-kontorit\/","title":{"rendered":"T\u00e4histame oma uut kontorit"},"content":{"rendered":"\n<p><strong>H\u00e4sti disainitud t\u00f6\u00f6ruum, mis vastab meie ettev\u00f5tte vajadustele koost\u00f6\u00f6ks, innovatsiooniks ja kokkupanekuks, paneb meid iga p\u00e4ev t\u00f6\u00f6le tulekut ootama. Suur t\u00e4nu Exin V\u00e4ster\u00e5sile m\u00f6\u00f6bli eest! <\/strong><a href=\"https:\/\/www.linkedin.com\/search\/results\/all\/?keywords=%23recycling&amp;origin=HASH_TAG_FROM_FEED\">hashtag#recycling<\/a> <a href=\"https:\/\/www.linkedin.com\/search\/results\/all\/?keywords=%23startup&amp;origin=HASH_TAG_FROM_FEED\">hashtag#startup<\/a> <a href=\"https:\/\/www.linkedin.com\/search\/results\/all\/?keywords=%23goingglobal&amp;origin=HASH_TAG_FROM_FEED\">hashtag#goingglobal<\/a> <a href=\"https:\/\/www.linkedin.com\/search\/results\/all\/?keywords=%23exin&amp;origin=HASH_TAG_FROM_FEED\">hashtag#Exin<\/a><\/p>\n\n<p>Meie uues kontoris on piisavalt ruumi uutele oskuslikele meeskonnaliikmetele, samuti testimisruumile, saabuvatele ja v\u00e4ljaminevatele tarnetele ning kokkupanekule. Kontor asub Rootsis V\u00e4ster\u00e5sis, meie tarnijate ja partnerite l\u00e4hedal. <\/p>\n\n<p><\/p>\n","protected":false},"excerpt":{"rendered":"<p>H\u00e4sti disainitud t\u00f6\u00f6ruum, mis vastab meie ettev\u00f5tte vajadustele koost\u00f6\u00f6ks, innovatsiooniks ja kokkupanekuks, paneb meid iga p\u00e4ev t\u00f6\u00f6le tulekut ootama.<\/p>\n","protected":false},"author":4,"featured_media":15117,"comment_status":"open","ping_status":"open","sticky":false,"template":"","format":"standard","meta":{"footnotes":""},"categories":[504],"tags":[],"class_list":["post-15116","post","type-post","status-publish","format-standard","has-post-thumbnail","hentry","category-uudised"],"yoast_head":"<!-- This site is optimized with the Yoast SEO plugin v26.0 - https:\/\/yoast.com\/wordpress\/plugins\/seo\/ -->\n<title>T\u00e4histame oma uut kontorit - Addio Electronics<\/title>\n<meta name=\"robots\" content=\"index, follow, max-snippet:-1, max-image-preview:large, max-video-preview:-1\" \/>\n<link rel=\"canonical\" href=\"https:\/\/addio.eu\/et\/uudised\/tahistame-oma-uut-kontorit\/\" \/>\n<meta property=\"og:locale\" content=\"et_EE\" \/>\n<meta property=\"og:type\" content=\"article\" \/>\n<meta property=\"og:title\" content=\"T\u00e4histame oma uut kontorit - Addio Electronics\" \/>\n<meta property=\"og:description\" content=\"H\u00e4sti disainitud t\u00f6\u00f6ruum, mis vastab meie ettev\u00f5tte vajadustele koost\u00f6\u00f6ks, innovatsiooniks ja kokkupanekuks, paneb meid iga p\u00e4ev t\u00f6\u00f6le tulekut ootama.\" \/>\n<meta property=\"og:url\" content=\"https:\/\/addio.eu\/et\/uudised\/tahistame-oma-uut-kontorit\/\" \/>\n<meta property=\"og:site_name\" content=\"Addio Electronics\" \/>\n<meta property=\"article:publisher\" content=\"https:\/\/www.facebook.com\/AddioElectronicsAB\/\" \/>\n<meta property=\"article:published_time\" content=\"2025-02-03T09:06:00+00:00\" \/>\n<meta property=\"article:modified_time\" content=\"2026-01-23T09:14:49+00:00\" \/>\n<meta property=\"og:image\" content=\"https:\/\/addio.eu\/wp-content\/uploads\/2025\/03\/office.jpeg\" \/>\n\t<meta property=\"og:image:width\" content=\"2048\" \/>\n\t<meta property=\"og:image:height\" content=\"1454\" \/>\n\t<meta property=\"og:image:type\" content=\"image\/jpeg\" \/>\n<meta name=\"author\" content=\"Christian Str\u00f6mblad\" \/>\n<meta name=\"twitter:card\" content=\"summary_large_image\" \/>\n<meta name=\"twitter:label1\" content=\"Written by\" \/>\n\t<meta name=\"twitter:data1\" content=\"Christian Str\u00f6mblad\" \/>\n<script type=\"application\/ld+json\" class=\"yoast-schema-graph\">{\"@context\":\"https:\/\/schema.org\",\"@graph\":[{\"@type\":\"Article\",\"@id\":\"https:\/\/addio.eu\/et\/uudised\/tahistame-oma-uut-kontorit\/#article\",\"isPartOf\":{\"@id\":\"https:\/\/addio.eu\/et\/uudised\/tahistame-oma-uut-kontorit\/\"},\"author\":{\"name\":\"Christian Str\u00f6mblad\",\"@id\":\"https:\/\/addio.eu\/et\/#\/schema\/person\/91617accca4d373bec39ca5cf7df41ca\"},\"headline\":\"T\u00e4histame oma uut kontorit\",\"datePublished\":\"2025-02-03T09:06:00+00:00\",\"dateModified\":\"2026-01-23T09:14:49+00:00\",\"mainEntityOfPage\":{\"@id\":\"https:\/\/addio.eu\/et\/uudised\/tahistame-oma-uut-kontorit\/\"},\"wordCount\":78,\"commentCount\":0,\"publisher\":{\"@id\":\"https:\/\/addio.eu\/et\/#organization\"},\"image\":{\"@id\":\"https:\/\/addio.eu\/et\/uudised\/tahistame-oma-uut-kontorit\/#primaryimage\"},\"thumbnailUrl\":\"https:\/\/addio.eu\/wp-content\/uploads\/2025\/03\/office.jpeg\",\"articleSection\":[\"Uudised\"],\"inLanguage\":\"et\",\"potentialAction\":[{\"@type\":\"CommentAction\",\"name\":\"Comment\",\"target\":[\"https:\/\/addio.eu\/et\/uudised\/tahistame-oma-uut-kontorit\/#respond\"]}]},{\"@type\":\"WebPage\",\"@id\":\"https:\/\/addio.eu\/et\/uudised\/tahistame-oma-uut-kontorit\/\",\"url\":\"https:\/\/addio.eu\/et\/uudised\/tahistame-oma-uut-kontorit\/\",\"name\":\"T\u00e4histame oma uut kontorit - Addio Electronics\",\"isPartOf\":{\"@id\":\"https:\/\/addio.eu\/et\/#website\"},\"primaryImageOfPage\":{\"@id\":\"https:\/\/addio.eu\/et\/uudised\/tahistame-oma-uut-kontorit\/#primaryimage\"},\"image\":{\"@id\":\"https:\/\/addio.eu\/et\/uudised\/tahistame-oma-uut-kontorit\/#primaryimage\"},\"thumbnailUrl\":\"https:\/\/addio.eu\/wp-content\/uploads\/2025\/03\/office.jpeg\",\"datePublished\":\"2025-02-03T09:06:00+00:00\",\"dateModified\":\"2026-01-23T09:14:49+00:00\",\"breadcrumb\":{\"@id\":\"https:\/\/addio.eu\/et\/uudised\/tahistame-oma-uut-kontorit\/#breadcrumb\"},\"inLanguage\":\"et\",\"potentialAction\":[{\"@type\":\"ReadAction\",\"target\":[\"https:\/\/addio.eu\/et\/uudised\/tahistame-oma-uut-kontorit\/\"]}]},{\"@type\":\"ImageObject\",\"inLanguage\":\"et\",\"@id\":\"https:\/\/addio.eu\/et\/uudised\/tahistame-oma-uut-kontorit\/#primaryimage\",\"url\":\"https:\/\/addio.eu\/wp-content\/uploads\/2025\/03\/office.jpeg\",\"contentUrl\":\"https:\/\/addio.eu\/wp-content\/uploads\/2025\/03\/office.jpeg\",\"width\":2048,\"height\":1454},{\"@type\":\"BreadcrumbList\",\"@id\":\"https:\/\/addio.eu\/et\/uudised\/tahistame-oma-uut-kontorit\/#breadcrumb\",\"itemListElement\":[{\"@type\":\"ListItem\",\"position\":1,\"name\":\"Home\",\"item\":\"https:\/\/addio.eu\/et\/addio-esileht\/\"},{\"@type\":\"ListItem\",\"position\":2,\"name\":\"T\u00e4histame oma uut kontorit\"}]},{\"@type\":\"WebSite\",\"@id\":\"https:\/\/addio.eu\/et\/#website\",\"url\":\"https:\/\/addio.eu\/et\/\",\"name\":\"addio.eu\",\"description\":\"\",\"publisher\":{\"@id\":\"https:\/\/addio.eu\/et\/#organization\"},\"potentialAction\":[{\"@type\":\"SearchAction\",\"target\":{\"@type\":\"EntryPoint\",\"urlTemplate\":\"https:\/\/addio.eu\/et\/?s={search_term_string}\"},\"query-input\":{\"@type\":\"PropertyValueSpecification\",\"valueRequired\":true,\"valueName\":\"search_term_string\"}}],\"inLanguage\":\"et\"},{\"@type\":\"Organization\",\"@id\":\"https:\/\/addio.eu\/et\/#organization\",\"name\":\"Addio Electronics\",\"url\":\"https:\/\/addio.eu\/et\/\",\"logo\":{\"@type\":\"ImageObject\",\"inLanguage\":\"et\",\"@id\":\"https:\/\/addio.eu\/et\/#\/schema\/logo\/image\/\",\"url\":\"https:\/\/addio.eu\/wp-content\/uploads\/2024\/10\/Lager_1-1.svg\",\"contentUrl\":\"https:\/\/addio.eu\/wp-content\/uploads\/2024\/10\/Lager_1-1.svg\",\"width\":89,\"height\":26,\"caption\":\"Addio Electronics\"},\"image\":{\"@id\":\"https:\/\/addio.eu\/et\/#\/schema\/logo\/image\/\"},\"sameAs\":[\"https:\/\/www.facebook.com\/AddioElectronicsAB\/\",\"https:\/\/www.linkedin.com\/company\/addio-electronics-ab\"]},{\"@type\":\"Person\",\"@id\":\"https:\/\/addio.eu\/et\/#\/schema\/person\/91617accca4d373bec39ca5cf7df41ca\",\"name\":\"Christian Str\u00f6mblad\",\"image\":{\"@type\":\"ImageObject\",\"inLanguage\":\"et\",\"@id\":\"https:\/\/addio.eu\/et\/#\/schema\/person\/image\/\",\"url\":\"https:\/\/secure.gravatar.com\/avatar\/fc7e565630ef0437746d725dc8a496c3bcbbee2a95baf374b54b74dcbd3e4999?s=96&d=mm&r=g\",\"contentUrl\":\"https:\/\/secure.gravatar.com\/avatar\/fc7e565630ef0437746d725dc8a496c3bcbbee2a95baf374b54b74dcbd3e4999?s=96&d=mm&r=g\",\"caption\":\"Christian Str\u00f6mblad\"},\"sameAs\":[\"https:\/\/addio.eu\"],\"url\":\"https:\/\/addio.eu\/et\/author\/christian-stromblad\/\"}]}<\/script>\n<!-- \/ Yoast SEO plugin. -->","yoast_head_json":{"title":"T\u00e4histame oma uut kontorit - Addio Electronics","robots":{"index":"index","follow":"follow","max-snippet":"max-snippet:-1","max-image-preview":"max-image-preview:large","max-video-preview":"max-video-preview:-1"},"canonical":"https:\/\/addio.eu\/et\/uudised\/tahistame-oma-uut-kontorit\/","og_locale":"et_EE","og_type":"article","og_title":"T\u00e4histame oma uut kontorit - Addio Electronics","og_description":"H\u00e4sti disainitud t\u00f6\u00f6ruum, mis vastab meie ettev\u00f5tte vajadustele koost\u00f6\u00f6ks, innovatsiooniks ja kokkupanekuks, paneb meid iga p\u00e4ev t\u00f6\u00f6le tulekut ootama.","og_url":"https:\/\/addio.eu\/et\/uudised\/tahistame-oma-uut-kontorit\/","og_site_name":"Addio Electronics","article_publisher":"https:\/\/www.facebook.com\/AddioElectronicsAB\/","article_published_time":"2025-02-03T09:06:00+00:00","article_modified_time":"2026-01-23T09:14:49+00:00","og_image":[{"width":2048,"height":1454,"url":"https:\/\/addio.eu\/wp-content\/uploads\/2025\/03\/office.jpeg","type":"image\/jpeg"}],"author":"Christian Str\u00f6mblad","twitter_card":"summary_large_image","twitter_misc":{"Written by":"Christian Str\u00f6mblad"},"schema":{"@context":"https:\/\/schema.org","@graph":[{"@type":"Article","@id":"https:\/\/addio.eu\/et\/uudised\/tahistame-oma-uut-kontorit\/#article","isPartOf":{"@id":"https:\/\/addio.eu\/et\/uudised\/tahistame-oma-uut-kontorit\/"},"author":{"name":"Christian Str\u00f6mblad","@id":"https:\/\/addio.eu\/et\/#\/schema\/person\/91617accca4d373bec39ca5cf7df41ca"},"headline":"T\u00e4histame oma uut kontorit","datePublished":"2025-02-03T09:06:00+00:00","dateModified":"2026-01-23T09:14:49+00:00","mainEntityOfPage":{"@id":"https:\/\/addio.eu\/et\/uudised\/tahistame-oma-uut-kontorit\/"},"wordCount":78,"commentCount":0,"publisher":{"@id":"https:\/\/addio.eu\/et\/#organization"},"image":{"@id":"https:\/\/addio.eu\/et\/uudised\/tahistame-oma-uut-kontorit\/#primaryimage"},"thumbnailUrl":"https:\/\/addio.eu\/wp-content\/uploads\/2025\/03\/office.jpeg","articleSection":["Uudised"],"inLanguage":"et","potentialAction":[{"@type":"CommentAction","name":"Comment","target":["https:\/\/addio.eu\/et\/uudised\/tahistame-oma-uut-kontorit\/#respond"]}]},{"@type":"WebPage","@id":"https:\/\/addio.eu\/et\/uudised\/tahistame-oma-uut-kontorit\/","url":"https:\/\/addio.eu\/et\/uudised\/tahistame-oma-uut-kontorit\/","name":"T\u00e4histame oma uut kontorit - Addio Electronics","isPartOf":{"@id":"https:\/\/addio.eu\/et\/#website"},"primaryImageOfPage":{"@id":"https:\/\/addio.eu\/et\/uudised\/tahistame-oma-uut-kontorit\/#primaryimage"},"image":{"@id":"https:\/\/addio.eu\/et\/uudised\/tahistame-oma-uut-kontorit\/#primaryimage"},"thumbnailUrl":"https:\/\/addio.eu\/wp-content\/uploads\/2025\/03\/office.jpeg","datePublished":"2025-02-03T09:06:00+00:00","dateModified":"2026-01-23T09:14:49+00:00","breadcrumb":{"@id":"https:\/\/addio.eu\/et\/uudised\/tahistame-oma-uut-kontorit\/#breadcrumb"},"inLanguage":"et","potentialAction":[{"@type":"ReadAction","target":["https:\/\/addio.eu\/et\/uudised\/tahistame-oma-uut-kontorit\/"]}]},{"@type":"ImageObject","inLanguage":"et","@id":"https:\/\/addio.eu\/et\/uudised\/tahistame-oma-uut-kontorit\/#primaryimage","url":"https:\/\/addio.eu\/wp-content\/uploads\/2025\/03\/office.jpeg","contentUrl":"https:\/\/addio.eu\/wp-content\/uploads\/2025\/03\/office.jpeg","width":2048,"height":1454},{"@type":"BreadcrumbList","@id":"https:\/\/addio.eu\/et\/uudised\/tahistame-oma-uut-kontorit\/#breadcrumb","itemListElement":[{"@type":"ListItem","position":1,"name":"Home","item":"https:\/\/addio.eu\/et\/addio-esileht\/"},{"@type":"ListItem","position":2,"name":"T\u00e4histame oma uut kontorit"}]},{"@type":"WebSite","@id":"https:\/\/addio.eu\/et\/#website","url":"https:\/\/addio.eu\/et\/","name":"addio.eu","description":"","publisher":{"@id":"https:\/\/addio.eu\/et\/#organization"},"potentialAction":[{"@type":"SearchAction","target":{"@type":"EntryPoint","urlTemplate":"https:\/\/addio.eu\/et\/?s={search_term_string}"},"query-input":{"@type":"PropertyValueSpecification","valueRequired":true,"valueName":"search_term_string"}}],"inLanguage":"et"},{"@type":"Organization","@id":"https:\/\/addio.eu\/et\/#organization","name":"Addio Electronics","url":"https:\/\/addio.eu\/et\/","logo":{"@type":"ImageObject","inLanguage":"et","@id":"https:\/\/addio.eu\/et\/#\/schema\/logo\/image\/","url":"https:\/\/addio.eu\/wp-content\/uploads\/2024\/10\/Lager_1-1.svg","contentUrl":"https:\/\/addio.eu\/wp-content\/uploads\/2024\/10\/Lager_1-1.svg","width":89,"height":26,"caption":"Addio Electronics"},"image":{"@id":"https:\/\/addio.eu\/et\/#\/schema\/logo\/image\/"},"sameAs":["https:\/\/www.facebook.com\/AddioElectronicsAB\/","https:\/\/www.linkedin.com\/company\/addio-electronics-ab"]},{"@type":"Person","@id":"https:\/\/addio.eu\/et\/#\/schema\/person\/91617accca4d373bec39ca5cf7df41ca","name":"Christian Str\u00f6mblad","image":{"@type":"ImageObject","inLanguage":"et","@id":"https:\/\/addio.eu\/et\/#\/schema\/person\/image\/","url":"https:\/\/secure.gravatar.com\/avatar\/fc7e565630ef0437746d725dc8a496c3bcbbee2a95baf374b54b74dcbd3e4999?s=96&d=mm&r=g","contentUrl":"https:\/\/secure.gravatar.com\/avatar\/fc7e565630ef0437746d725dc8a496c3bcbbee2a95baf374b54b74dcbd3e4999?s=96&d=mm&r=g","caption":"Christian Str\u00f6mblad"},"sameAs":["https:\/\/addio.eu"],"url":"https:\/\/addio.eu\/et\/author\/christian-stromblad\/"}]}},"_links":{"self":[{"href":"https:\/\/addio.eu\/et\/wp-json\/wp\/v2\/posts\/15116","targetHints":{"allow":["GET"]}}],"collection":[{"href":"https:\/\/addio.eu\/et\/wp-json\/wp\/v2\/posts"}],"about":[{"href":"https:\/\/addio.eu\/et\/wp-json\/wp\/v2\/types\/post"}],"author":[{"embeddable":true,"href":"https:\/\/addio.eu\/et\/wp-json\/wp\/v2\/users\/4"}],"replies":[{"embeddable":true,"href":"https:\/\/addio.eu\/et\/wp-json\/wp\/v2\/comments?post=15116"}],"version-history":[{"count":1,"href":"https:\/\/addio.eu\/et\/wp-json\/wp\/v2\/posts\/15116\/revisions"}],"predecessor-version":[{"id":15118,"href":"https:\/\/addio.eu\/et\/wp-json\/wp\/v2\/posts\/15116\/revisions\/15118"}],"wp:featuredmedia":[{"embeddable":true,"href":"https:\/\/addio.eu\/et\/wp-json\/wp\/v2\/media\/15117"}],"wp:attachment":[{"href":"https:\/\/addio.eu\/et\/wp-json\/wp\/v2\/media?parent=15116"}],"wp:term":[{"taxonomy":"category","embeddable":true,"href":"https:\/\/addio.eu\/et\/wp-json\/wp\/v2\/categories?post=15116"},{"taxonomy":"post_tag","embeddable":true,"href":"https:\/\/addio.eu\/et\/wp-json\/wp\/v2\/tags?post=15116"}],"curies":[{"name":"wp","href":"https:\/\/api.w.org\/{rel}","templated":true}]}}