{"id":9134,"date":"2025-02-03T09:06:00","date_gmt":"2025-02-03T09:06:00","guid":{"rendered":"https:\/\/addio.eu\/sin-categoria\/celebrando-nuestra-nueva-oficina\/"},"modified":"2025-10-07T11:25:32","modified_gmt":"2025-10-07T11:25:32","slug":"celebrando-nuestra-nueva-oficina","status":"publish","type":"post","link":"https:\/\/addio.eu\/es\/noticias\/celebrando-nuestra-nueva-oficina\/","title":{"rendered":"Celebrando nuestra nueva oficina"},"content":{"rendered":"\n<p><strong>Un espacio de trabajo bien dise\u00f1ado que satisface las necesidades de nuestra empresa en cuanto a colaboraci\u00f3n, innovaci\u00f3n y montaje hace que tengamos ganas de venir a trabajar todos los d\u00edas. \u00a1Muchas gracias a Exin V\u00e4ster\u00e5s por proporcionarnos el mobiliario!<\/strong> <a href=\"https:\/\/www.linkedin.com\/search\/results\/all\/?keywords=%23recycling&amp;origin=HASH_TAG_FROM_FEED\">hashtag#recycling<\/a> <a href=\"https:\/\/www.linkedin.com\/search\/results\/all\/?keywords=%23startup&amp;origin=HASH_TAG_FROM_FEED\">hashtag#startup<\/a> <a href=\"https:\/\/www.linkedin.com\/search\/results\/all\/?keywords=%23goingglobal&amp;origin=HASH_TAG_FROM_FEED\">hashtag#goingglobal<\/a> <a href=\"https:\/\/www.linkedin.com\/search\/results\/all\/?keywords=%23exin&amp;origin=HASH_TAG_FROM_FEED\">hashtag#Exin<\/a><\/p>\n\n<p>Con nuestra nueva oficina, hay mucho espacio para nuevos miembros del equipo cualificados, as\u00ed como una sala de pruebas, entregas entrantes y salientes y montaje. La oficina est\u00e1 ubicada en V\u00e4ster\u00e5s, Suecia, cerca de nuestros proveedores y socios. <\/p>\n\n<p><\/p>\n","protected":false},"excerpt":{"rendered":"<p>Un espacio de trabajo bien dise\u00f1ado que satisface las necesidades de nuestra empresa en cuanto a colaboraci\u00f3n, innovaci\u00f3n y montaje hace que tengamos ganas de venir a trabajar todos los d\u00edas.<\/p>\n","protected":false},"author":4,"featured_media":9135,"comment_status":"open","ping_status":"open","sticky":false,"template":"","format":"standard","meta":{"footnotes":""},"categories":[141],"tags":[],"class_list":["post-9134","post","type-post","status-publish","format-standard","has-post-thumbnail","hentry","category-noticias"],"yoast_head":"<!-- This site is optimized with the Yoast SEO plugin v26.0 - https:\/\/yoast.com\/wordpress\/plugins\/seo\/ -->\n<title>Celebrando nuestra nueva oficina - Addio Electronics<\/title>\n<meta name=\"robots\" content=\"index, follow, max-snippet:-1, max-image-preview:large, max-video-preview:-1\" \/>\n<link rel=\"canonical\" href=\"https:\/\/addio.eu\/es\/noticias\/celebrando-nuestra-nueva-oficina\/\" \/>\n<meta property=\"og:locale\" content=\"es_ES\" \/>\n<meta property=\"og:type\" content=\"article\" \/>\n<meta property=\"og:title\" content=\"Celebrando nuestra nueva oficina - Addio Electronics\" \/>\n<meta property=\"og:description\" content=\"Un espacio de trabajo bien dise\u00f1ado que satisface las necesidades de nuestra empresa en cuanto a colaboraci\u00f3n, innovaci\u00f3n y montaje hace que tengamos ganas de venir a trabajar todos los d\u00edas.\" \/>\n<meta property=\"og:url\" content=\"https:\/\/addio.eu\/es\/noticias\/celebrando-nuestra-nueva-oficina\/\" \/>\n<meta property=\"og:site_name\" content=\"Addio Electronics\" \/>\n<meta property=\"article:publisher\" content=\"https:\/\/www.facebook.com\/AddioElectronicsAB\/\" \/>\n<meta property=\"article:published_time\" content=\"2025-02-03T09:06:00+00:00\" \/>\n<meta property=\"article:modified_time\" content=\"2025-10-07T11:25:32+00:00\" \/>\n<meta property=\"og:image\" content=\"https:\/\/addio.eu\/wp-content\/uploads\/2025\/03\/office.jpeg\" \/>\n\t<meta property=\"og:image:width\" content=\"2048\" \/>\n\t<meta property=\"og:image:height\" content=\"1454\" \/>\n\t<meta property=\"og:image:type\" content=\"image\/jpeg\" \/>\n<meta name=\"author\" content=\"Christian Str\u00f6mblad\" \/>\n<meta name=\"twitter:card\" content=\"summary_large_image\" \/>\n<meta name=\"twitter:label1\" content=\"Escrito por\" \/>\n\t<meta name=\"twitter:data1\" content=\"Christian Str\u00f6mblad\" \/>\n<script type=\"application\/ld+json\" class=\"yoast-schema-graph\">{\"@context\":\"https:\/\/schema.org\",\"@graph\":[{\"@type\":\"Article\",\"@id\":\"https:\/\/addio.eu\/es\/noticias\/celebrando-nuestra-nueva-oficina\/#article\",\"isPartOf\":{\"@id\":\"https:\/\/addio.eu\/es\/noticias\/celebrando-nuestra-nueva-oficina\/\"},\"author\":{\"name\":\"Christian Str\u00f6mblad\",\"@id\":\"https:\/\/addio.eu\/es\/#\/schema\/person\/91617accca4d373bec39ca5cf7df41ca\"},\"headline\":\"Celebrando nuestra nueva oficina\",\"datePublished\":\"2025-02-03T09:06:00+00:00\",\"dateModified\":\"2025-10-07T11:25:32+00:00\",\"mainEntityOfPage\":{\"@id\":\"https:\/\/addio.eu\/es\/noticias\/celebrando-nuestra-nueva-oficina\/\"},\"wordCount\":98,\"commentCount\":0,\"publisher\":{\"@id\":\"https:\/\/addio.eu\/es\/#organization\"},\"image\":{\"@id\":\"https:\/\/addio.eu\/es\/noticias\/celebrando-nuestra-nueva-oficina\/#primaryimage\"},\"thumbnailUrl\":\"https:\/\/addio.eu\/wp-content\/uploads\/2025\/03\/office.jpeg\",\"articleSection\":[\"Noticias\"],\"inLanguage\":\"es\",\"potentialAction\":[{\"@type\":\"CommentAction\",\"name\":\"Comment\",\"target\":[\"https:\/\/addio.eu\/es\/noticias\/celebrando-nuestra-nueva-oficina\/#respond\"]}]},{\"@type\":\"WebPage\",\"@id\":\"https:\/\/addio.eu\/es\/noticias\/celebrando-nuestra-nueva-oficina\/\",\"url\":\"https:\/\/addio.eu\/es\/noticias\/celebrando-nuestra-nueva-oficina\/\",\"name\":\"Celebrando nuestra nueva oficina - Addio Electronics\",\"isPartOf\":{\"@id\":\"https:\/\/addio.eu\/es\/#website\"},\"primaryImageOfPage\":{\"@id\":\"https:\/\/addio.eu\/es\/noticias\/celebrando-nuestra-nueva-oficina\/#primaryimage\"},\"image\":{\"@id\":\"https:\/\/addio.eu\/es\/noticias\/celebrando-nuestra-nueva-oficina\/#primaryimage\"},\"thumbnailUrl\":\"https:\/\/addio.eu\/wp-content\/uploads\/2025\/03\/office.jpeg\",\"datePublished\":\"2025-02-03T09:06:00+00:00\",\"dateModified\":\"2025-10-07T11:25:32+00:00\",\"breadcrumb\":{\"@id\":\"https:\/\/addio.eu\/es\/noticias\/celebrando-nuestra-nueva-oficina\/#breadcrumb\"},\"inLanguage\":\"es\",\"potentialAction\":[{\"@type\":\"ReadAction\",\"target\":[\"https:\/\/addio.eu\/es\/noticias\/celebrando-nuestra-nueva-oficina\/\"]}]},{\"@type\":\"ImageObject\",\"inLanguage\":\"es\",\"@id\":\"https:\/\/addio.eu\/es\/noticias\/celebrando-nuestra-nueva-oficina\/#primaryimage\",\"url\":\"https:\/\/addio.eu\/wp-content\/uploads\/2025\/03\/office.jpeg\",\"contentUrl\":\"https:\/\/addio.eu\/wp-content\/uploads\/2025\/03\/office.jpeg\",\"width\":2048,\"height\":1454},{\"@type\":\"BreadcrumbList\",\"@id\":\"https:\/\/addio.eu\/es\/noticias\/celebrando-nuestra-nueva-oficina\/#breadcrumb\",\"itemListElement\":[{\"@type\":\"ListItem\",\"position\":1,\"name\":\"Home\",\"item\":\"https:\/\/addio.eu\/es\/pagina-de-inicio-de-addio\/\"},{\"@type\":\"ListItem\",\"position\":2,\"name\":\"Celebrando nuestra nueva oficina\"}]},{\"@type\":\"WebSite\",\"@id\":\"https:\/\/addio.eu\/es\/#website\",\"url\":\"https:\/\/addio.eu\/es\/\",\"name\":\"addio.eu\",\"description\":\"\",\"publisher\":{\"@id\":\"https:\/\/addio.eu\/es\/#organization\"},\"potentialAction\":[{\"@type\":\"SearchAction\",\"target\":{\"@type\":\"EntryPoint\",\"urlTemplate\":\"https:\/\/addio.eu\/es\/?s={search_term_string}\"},\"query-input\":{\"@type\":\"PropertyValueSpecification\",\"valueRequired\":true,\"valueName\":\"search_term_string\"}}],\"inLanguage\":\"es\"},{\"@type\":\"Organization\",\"@id\":\"https:\/\/addio.eu\/es\/#organization\",\"name\":\"Addio electronics\",\"url\":\"https:\/\/addio.eu\/es\/\",\"logo\":{\"@type\":\"ImageObject\",\"inLanguage\":\"es\",\"@id\":\"https:\/\/addio.eu\/es\/#\/schema\/logo\/image\/\",\"url\":\"https:\/\/addio.eu\/wp-content\/uploads\/2024\/10\/Lager_1-1.svg\",\"contentUrl\":\"https:\/\/addio.eu\/wp-content\/uploads\/2024\/10\/Lager_1-1.svg\",\"caption\":\"Addio electronics\"},\"image\":{\"@id\":\"https:\/\/addio.eu\/es\/#\/schema\/logo\/image\/\"},\"sameAs\":[\"https:\/\/www.facebook.com\/AddioElectronicsAB\/\",\"https:\/\/www.linkedin.com\/company\/addio-electronics-ab\"]},{\"@type\":\"Person\",\"@id\":\"https:\/\/addio.eu\/es\/#\/schema\/person\/91617accca4d373bec39ca5cf7df41ca\",\"name\":\"Christian Str\u00f6mblad\",\"image\":{\"@type\":\"ImageObject\",\"inLanguage\":\"es\",\"@id\":\"https:\/\/addio.eu\/es\/#\/schema\/person\/image\/\",\"url\":\"https:\/\/secure.gravatar.com\/avatar\/fc7e565630ef0437746d725dc8a496c3bcbbee2a95baf374b54b74dcbd3e4999?s=96&d=mm&r=g\",\"contentUrl\":\"https:\/\/secure.gravatar.com\/avatar\/fc7e565630ef0437746d725dc8a496c3bcbbee2a95baf374b54b74dcbd3e4999?s=96&d=mm&r=g\",\"caption\":\"Christian Str\u00f6mblad\"},\"sameAs\":[\"https:\/\/addio.eu\"],\"url\":\"https:\/\/addio.eu\/es\/author\/christian-stromblad\/\"}]}<\/script>\n<!-- \/ Yoast SEO plugin. -->","yoast_head_json":{"title":"Celebrando nuestra nueva oficina - Addio Electronics","robots":{"index":"index","follow":"follow","max-snippet":"max-snippet:-1","max-image-preview":"max-image-preview:large","max-video-preview":"max-video-preview:-1"},"canonical":"https:\/\/addio.eu\/es\/noticias\/celebrando-nuestra-nueva-oficina\/","og_locale":"es_ES","og_type":"article","og_title":"Celebrando nuestra nueva oficina - Addio Electronics","og_description":"Un espacio de trabajo bien dise\u00f1ado que satisface las necesidades de nuestra empresa en cuanto a colaboraci\u00f3n, innovaci\u00f3n y montaje hace que tengamos ganas de venir a trabajar todos los d\u00edas.","og_url":"https:\/\/addio.eu\/es\/noticias\/celebrando-nuestra-nueva-oficina\/","og_site_name":"Addio Electronics","article_publisher":"https:\/\/www.facebook.com\/AddioElectronicsAB\/","article_published_time":"2025-02-03T09:06:00+00:00","article_modified_time":"2025-10-07T11:25:32+00:00","og_image":[{"width":2048,"height":1454,"url":"https:\/\/addio.eu\/wp-content\/uploads\/2025\/03\/office.jpeg","type":"image\/jpeg"}],"author":"Christian Str\u00f6mblad","twitter_card":"summary_large_image","twitter_misc":{"Escrito por":"Christian Str\u00f6mblad"},"schema":{"@context":"https:\/\/schema.org","@graph":[{"@type":"Article","@id":"https:\/\/addio.eu\/es\/noticias\/celebrando-nuestra-nueva-oficina\/#article","isPartOf":{"@id":"https:\/\/addio.eu\/es\/noticias\/celebrando-nuestra-nueva-oficina\/"},"author":{"name":"Christian Str\u00f6mblad","@id":"https:\/\/addio.eu\/es\/#\/schema\/person\/91617accca4d373bec39ca5cf7df41ca"},"headline":"Celebrando nuestra nueva oficina","datePublished":"2025-02-03T09:06:00+00:00","dateModified":"2025-10-07T11:25:32+00:00","mainEntityOfPage":{"@id":"https:\/\/addio.eu\/es\/noticias\/celebrando-nuestra-nueva-oficina\/"},"wordCount":98,"commentCount":0,"publisher":{"@id":"https:\/\/addio.eu\/es\/#organization"},"image":{"@id":"https:\/\/addio.eu\/es\/noticias\/celebrando-nuestra-nueva-oficina\/#primaryimage"},"thumbnailUrl":"https:\/\/addio.eu\/wp-content\/uploads\/2025\/03\/office.jpeg","articleSection":["Noticias"],"inLanguage":"es","potentialAction":[{"@type":"CommentAction","name":"Comment","target":["https:\/\/addio.eu\/es\/noticias\/celebrando-nuestra-nueva-oficina\/#respond"]}]},{"@type":"WebPage","@id":"https:\/\/addio.eu\/es\/noticias\/celebrando-nuestra-nueva-oficina\/","url":"https:\/\/addio.eu\/es\/noticias\/celebrando-nuestra-nueva-oficina\/","name":"Celebrando nuestra nueva oficina - Addio Electronics","isPartOf":{"@id":"https:\/\/addio.eu\/es\/#website"},"primaryImageOfPage":{"@id":"https:\/\/addio.eu\/es\/noticias\/celebrando-nuestra-nueva-oficina\/#primaryimage"},"image":{"@id":"https:\/\/addio.eu\/es\/noticias\/celebrando-nuestra-nueva-oficina\/#primaryimage"},"thumbnailUrl":"https:\/\/addio.eu\/wp-content\/uploads\/2025\/03\/office.jpeg","datePublished":"2025-02-03T09:06:00+00:00","dateModified":"2025-10-07T11:25:32+00:00","breadcrumb":{"@id":"https:\/\/addio.eu\/es\/noticias\/celebrando-nuestra-nueva-oficina\/#breadcrumb"},"inLanguage":"es","potentialAction":[{"@type":"ReadAction","target":["https:\/\/addio.eu\/es\/noticias\/celebrando-nuestra-nueva-oficina\/"]}]},{"@type":"ImageObject","inLanguage":"es","@id":"https:\/\/addio.eu\/es\/noticias\/celebrando-nuestra-nueva-oficina\/#primaryimage","url":"https:\/\/addio.eu\/wp-content\/uploads\/2025\/03\/office.jpeg","contentUrl":"https:\/\/addio.eu\/wp-content\/uploads\/2025\/03\/office.jpeg","width":2048,"height":1454},{"@type":"BreadcrumbList","@id":"https:\/\/addio.eu\/es\/noticias\/celebrando-nuestra-nueva-oficina\/#breadcrumb","itemListElement":[{"@type":"ListItem","position":1,"name":"Home","item":"https:\/\/addio.eu\/es\/pagina-de-inicio-de-addio\/"},{"@type":"ListItem","position":2,"name":"Celebrando nuestra nueva oficina"}]},{"@type":"WebSite","@id":"https:\/\/addio.eu\/es\/#website","url":"https:\/\/addio.eu\/es\/","name":"addio.eu","description":"","publisher":{"@id":"https:\/\/addio.eu\/es\/#organization"},"potentialAction":[{"@type":"SearchAction","target":{"@type":"EntryPoint","urlTemplate":"https:\/\/addio.eu\/es\/?s={search_term_string}"},"query-input":{"@type":"PropertyValueSpecification","valueRequired":true,"valueName":"search_term_string"}}],"inLanguage":"es"},{"@type":"Organization","@id":"https:\/\/addio.eu\/es\/#organization","name":"Addio electronics","url":"https:\/\/addio.eu\/es\/","logo":{"@type":"ImageObject","inLanguage":"es","@id":"https:\/\/addio.eu\/es\/#\/schema\/logo\/image\/","url":"https:\/\/addio.eu\/wp-content\/uploads\/2024\/10\/Lager_1-1.svg","contentUrl":"https:\/\/addio.eu\/wp-content\/uploads\/2024\/10\/Lager_1-1.svg","caption":"Addio electronics"},"image":{"@id":"https:\/\/addio.eu\/es\/#\/schema\/logo\/image\/"},"sameAs":["https:\/\/www.facebook.com\/AddioElectronicsAB\/","https:\/\/www.linkedin.com\/company\/addio-electronics-ab"]},{"@type":"Person","@id":"https:\/\/addio.eu\/es\/#\/schema\/person\/91617accca4d373bec39ca5cf7df41ca","name":"Christian Str\u00f6mblad","image":{"@type":"ImageObject","inLanguage":"es","@id":"https:\/\/addio.eu\/es\/#\/schema\/person\/image\/","url":"https:\/\/secure.gravatar.com\/avatar\/fc7e565630ef0437746d725dc8a496c3bcbbee2a95baf374b54b74dcbd3e4999?s=96&d=mm&r=g","contentUrl":"https:\/\/secure.gravatar.com\/avatar\/fc7e565630ef0437746d725dc8a496c3bcbbee2a95baf374b54b74dcbd3e4999?s=96&d=mm&r=g","caption":"Christian Str\u00f6mblad"},"sameAs":["https:\/\/addio.eu"],"url":"https:\/\/addio.eu\/es\/author\/christian-stromblad\/"}]}},"_links":{"self":[{"href":"https:\/\/addio.eu\/es\/wp-json\/wp\/v2\/posts\/9134","targetHints":{"allow":["GET"]}}],"collection":[{"href":"https:\/\/addio.eu\/es\/wp-json\/wp\/v2\/posts"}],"about":[{"href":"https:\/\/addio.eu\/es\/wp-json\/wp\/v2\/types\/post"}],"author":[{"embeddable":true,"href":"https:\/\/addio.eu\/es\/wp-json\/wp\/v2\/users\/4"}],"replies":[{"embeddable":true,"href":"https:\/\/addio.eu\/es\/wp-json\/wp\/v2\/comments?post=9134"}],"version-history":[{"count":1,"href":"https:\/\/addio.eu\/es\/wp-json\/wp\/v2\/posts\/9134\/revisions"}],"predecessor-version":[{"id":9136,"href":"https:\/\/addio.eu\/es\/wp-json\/wp\/v2\/posts\/9134\/revisions\/9136"}],"wp:featuredmedia":[{"embeddable":true,"href":"https:\/\/addio.eu\/es\/wp-json\/wp\/v2\/media\/9135"}],"wp:attachment":[{"href":"https:\/\/addio.eu\/es\/wp-json\/wp\/v2\/media?parent=9134"}],"wp:term":[{"taxonomy":"category","embeddable":true,"href":"https:\/\/addio.eu\/es\/wp-json\/wp\/v2\/categories?post=9134"},{"taxonomy":"post_tag","embeddable":true,"href":"https:\/\/addio.eu\/es\/wp-json\/wp\/v2\/tags?post=9134"}],"curies":[{"name":"wp","href":"https:\/\/api.w.org\/{rel}","templated":true}]}}