{"id":9033,"date":"2025-03-12T14:51:43","date_gmt":"2025-03-12T14:51:43","guid":{"rendered":"https:\/\/addio.eu\/sin-categoria\/asociacion-de-addio-y-alier-en-noruega\/"},"modified":"2025-10-07T11:24:50","modified_gmt":"2025-10-07T11:24:50","slug":"asociacion-de-addio-y-alier-en-noruega","status":"publish","type":"post","link":"https:\/\/addio.eu\/es\/noticias\/asociacion-de-addio-y-alier-en-noruega\/","title":{"rendered":"Asociaci\u00f3n de Addio y Alier en Noruega"},"content":{"rendered":"\n<p>Nos complace enormemente anunciar nuestra asociaci\u00f3n con Alier AS, uno de los mayores especialistas en adaptaci\u00f3n de veh\u00edculos de Noruega, con una trayectoria que se remonta a 1986. Con 11 ubicaciones en todo el pa\u00eds y m\u00e1s de 100 profesionales, Alier AS ofrece una amplia gama de servicios, que incluyen modificaciones de veh\u00edculos, soluciones de calefacci\u00f3n e instalaciones de equipos especializados. Su dedicaci\u00f3n a la calidad y la innovaci\u00f3n se alinea perfectamente con nuestro compromiso con la excelencia, y esperamos lograr grandes cosas juntos.  <\/p>\n\n<p><\/p>\n","protected":false},"excerpt":{"rendered":"<p>Nos complace enormemente anunciar nuestra asociaci\u00f3n con Alier AS, uno de los mayores especialistas en adaptaci\u00f3n de veh\u00edculos de Noruega, con 11 ubicaciones de norte a sur.<\/p>\n","protected":false},"author":4,"featured_media":9035,"comment_status":"open","ping_status":"open","sticky":false,"template":"","format":"standard","meta":{"footnotes":""},"categories":[141],"tags":[],"class_list":["post-9033","post","type-post","status-publish","format-standard","has-post-thumbnail","hentry","category-noticias"],"yoast_head":"<!-- This site is optimized with the Yoast SEO plugin v26.0 - https:\/\/yoast.com\/wordpress\/plugins\/seo\/ -->\n<title>Asociaci\u00f3n de Addio y Alier en Noruega - Addio Electronics<\/title>\n<meta name=\"robots\" content=\"index, follow, max-snippet:-1, max-image-preview:large, max-video-preview:-1\" \/>\n<link rel=\"canonical\" href=\"https:\/\/addio.eu\/es\/noticias\/asociacion-de-addio-y-alier-en-noruega\/\" \/>\n<meta property=\"og:locale\" content=\"es_ES\" \/>\n<meta property=\"og:type\" content=\"article\" \/>\n<meta property=\"og:title\" content=\"Asociaci\u00f3n de Addio y Alier en Noruega - Addio Electronics\" \/>\n<meta property=\"og:description\" content=\"Nos complace enormemente anunciar nuestra asociaci\u00f3n con Alier AS, uno de los mayores especialistas en adaptaci\u00f3n de veh\u00edculos de Noruega, con 11 ubicaciones de norte a sur.\" \/>\n<meta property=\"og:url\" content=\"https:\/\/addio.eu\/es\/noticias\/asociacion-de-addio-y-alier-en-noruega\/\" \/>\n<meta property=\"og:site_name\" content=\"Addio Electronics\" \/>\n<meta property=\"article:publisher\" content=\"https:\/\/www.facebook.com\/AddioElectronicsAB\/\" \/>\n<meta property=\"article:published_time\" content=\"2025-03-12T14:51:43+00:00\" \/>\n<meta property=\"article:modified_time\" content=\"2025-10-07T11:24:50+00:00\" \/>\n<meta property=\"og:image\" content=\"https:\/\/addio.eu\/wp-content\/uploads\/2025\/03\/Alier-logo.png\" \/>\n\t<meta property=\"og:image:width\" content=\"749\" \/>\n\t<meta property=\"og:image:height\" content=\"288\" \/>\n\t<meta property=\"og:image:type\" content=\"image\/png\" \/>\n<meta name=\"author\" content=\"Christian Str\u00f6mblad\" \/>\n<meta name=\"twitter:card\" content=\"summary_large_image\" \/>\n<meta name=\"twitter:label1\" content=\"Escrito por\" \/>\n\t<meta name=\"twitter:data1\" content=\"Christian Str\u00f6mblad\" \/>\n<script type=\"application\/ld+json\" class=\"yoast-schema-graph\">{\"@context\":\"https:\/\/schema.org\",\"@graph\":[{\"@type\":\"Article\",\"@id\":\"https:\/\/addio.eu\/es\/noticias\/asociacion-de-addio-y-alier-en-noruega\/#article\",\"isPartOf\":{\"@id\":\"https:\/\/addio.eu\/es\/noticias\/asociacion-de-addio-y-alier-en-noruega\/\"},\"author\":{\"name\":\"Christian Str\u00f6mblad\",\"@id\":\"https:\/\/addio.eu\/es\/#\/schema\/person\/91617accca4d373bec39ca5cf7df41ca\"},\"headline\":\"Asociaci\u00f3n de Addio y Alier en Noruega\",\"datePublished\":\"2025-03-12T14:51:43+00:00\",\"dateModified\":\"2025-10-07T11:24:50+00:00\",\"mainEntityOfPage\":{\"@id\":\"https:\/\/addio.eu\/es\/noticias\/asociacion-de-addio-y-alier-en-noruega\/\"},\"wordCount\":98,\"commentCount\":0,\"publisher\":{\"@id\":\"https:\/\/addio.eu\/es\/#organization\"},\"image\":{\"@id\":\"https:\/\/addio.eu\/es\/noticias\/asociacion-de-addio-y-alier-en-noruega\/#primaryimage\"},\"thumbnailUrl\":\"https:\/\/addio.eu\/wp-content\/uploads\/2025\/03\/Alier-logo.png\",\"articleSection\":[\"Noticias\"],\"inLanguage\":\"es\",\"potentialAction\":[{\"@type\":\"CommentAction\",\"name\":\"Comment\",\"target\":[\"https:\/\/addio.eu\/es\/noticias\/asociacion-de-addio-y-alier-en-noruega\/#respond\"]}]},{\"@type\":\"WebPage\",\"@id\":\"https:\/\/addio.eu\/es\/noticias\/asociacion-de-addio-y-alier-en-noruega\/\",\"url\":\"https:\/\/addio.eu\/es\/noticias\/asociacion-de-addio-y-alier-en-noruega\/\",\"name\":\"Asociaci\u00f3n de Addio y Alier en Noruega - Addio Electronics\",\"isPartOf\":{\"@id\":\"https:\/\/addio.eu\/es\/#website\"},\"primaryImageOfPage\":{\"@id\":\"https:\/\/addio.eu\/es\/noticias\/asociacion-de-addio-y-alier-en-noruega\/#primaryimage\"},\"image\":{\"@id\":\"https:\/\/addio.eu\/es\/noticias\/asociacion-de-addio-y-alier-en-noruega\/#primaryimage\"},\"thumbnailUrl\":\"https:\/\/addio.eu\/wp-content\/uploads\/2025\/03\/Alier-logo.png\",\"datePublished\":\"2025-03-12T14:51:43+00:00\",\"dateModified\":\"2025-10-07T11:24:50+00:00\",\"breadcrumb\":{\"@id\":\"https:\/\/addio.eu\/es\/noticias\/asociacion-de-addio-y-alier-en-noruega\/#breadcrumb\"},\"inLanguage\":\"es\",\"potentialAction\":[{\"@type\":\"ReadAction\",\"target\":[\"https:\/\/addio.eu\/es\/noticias\/asociacion-de-addio-y-alier-en-noruega\/\"]}]},{\"@type\":\"ImageObject\",\"inLanguage\":\"es\",\"@id\":\"https:\/\/addio.eu\/es\/noticias\/asociacion-de-addio-y-alier-en-noruega\/#primaryimage\",\"url\":\"https:\/\/addio.eu\/wp-content\/uploads\/2025\/03\/Alier-logo.png\",\"contentUrl\":\"https:\/\/addio.eu\/wp-content\/uploads\/2025\/03\/Alier-logo.png\",\"width\":749,\"height\":288},{\"@type\":\"BreadcrumbList\",\"@id\":\"https:\/\/addio.eu\/es\/noticias\/asociacion-de-addio-y-alier-en-noruega\/#breadcrumb\",\"itemListElement\":[{\"@type\":\"ListItem\",\"position\":1,\"name\":\"Home\",\"item\":\"https:\/\/addio.eu\/es\/pagina-de-inicio-de-addio\/\"},{\"@type\":\"ListItem\",\"position\":2,\"name\":\"Asociaci\u00f3n de Addio y Alier en Noruega\"}]},{\"@type\":\"WebSite\",\"@id\":\"https:\/\/addio.eu\/es\/#website\",\"url\":\"https:\/\/addio.eu\/es\/\",\"name\":\"addio.eu\",\"description\":\"\",\"publisher\":{\"@id\":\"https:\/\/addio.eu\/es\/#organization\"},\"potentialAction\":[{\"@type\":\"SearchAction\",\"target\":{\"@type\":\"EntryPoint\",\"urlTemplate\":\"https:\/\/addio.eu\/es\/?s={search_term_string}\"},\"query-input\":{\"@type\":\"PropertyValueSpecification\",\"valueRequired\":true,\"valueName\":\"search_term_string\"}}],\"inLanguage\":\"es\"},{\"@type\":\"Organization\",\"@id\":\"https:\/\/addio.eu\/es\/#organization\",\"name\":\"Addio electronics\",\"url\":\"https:\/\/addio.eu\/es\/\",\"logo\":{\"@type\":\"ImageObject\",\"inLanguage\":\"es\",\"@id\":\"https:\/\/addio.eu\/es\/#\/schema\/logo\/image\/\",\"url\":\"https:\/\/addio.eu\/wp-content\/uploads\/2024\/10\/Lager_1-1.svg\",\"contentUrl\":\"https:\/\/addio.eu\/wp-content\/uploads\/2024\/10\/Lager_1-1.svg\",\"caption\":\"Addio electronics\"},\"image\":{\"@id\":\"https:\/\/addio.eu\/es\/#\/schema\/logo\/image\/\"},\"sameAs\":[\"https:\/\/www.facebook.com\/AddioElectronicsAB\/\",\"https:\/\/www.linkedin.com\/company\/addio-electronics-ab\"]},{\"@type\":\"Person\",\"@id\":\"https:\/\/addio.eu\/es\/#\/schema\/person\/91617accca4d373bec39ca5cf7df41ca\",\"name\":\"Christian Str\u00f6mblad\",\"image\":{\"@type\":\"ImageObject\",\"inLanguage\":\"es\",\"@id\":\"https:\/\/addio.eu\/es\/#\/schema\/person\/image\/\",\"url\":\"https:\/\/secure.gravatar.com\/avatar\/fc7e565630ef0437746d725dc8a496c3bcbbee2a95baf374b54b74dcbd3e4999?s=96&d=mm&r=g\",\"contentUrl\":\"https:\/\/secure.gravatar.com\/avatar\/fc7e565630ef0437746d725dc8a496c3bcbbee2a95baf374b54b74dcbd3e4999?s=96&d=mm&r=g\",\"caption\":\"Christian Str\u00f6mblad\"},\"sameAs\":[\"https:\/\/addio.eu\"],\"url\":\"https:\/\/addio.eu\/es\/author\/christian-stromblad\/\"}]}<\/script>\n<!-- \/ Yoast SEO plugin. -->","yoast_head_json":{"title":"Asociaci\u00f3n de Addio y Alier en Noruega - Addio Electronics","robots":{"index":"index","follow":"follow","max-snippet":"max-snippet:-1","max-image-preview":"max-image-preview:large","max-video-preview":"max-video-preview:-1"},"canonical":"https:\/\/addio.eu\/es\/noticias\/asociacion-de-addio-y-alier-en-noruega\/","og_locale":"es_ES","og_type":"article","og_title":"Asociaci\u00f3n de Addio y Alier en Noruega - Addio Electronics","og_description":"Nos complace enormemente anunciar nuestra asociaci\u00f3n con Alier AS, uno de los mayores especialistas en adaptaci\u00f3n de veh\u00edculos de Noruega, con 11 ubicaciones de norte a sur.","og_url":"https:\/\/addio.eu\/es\/noticias\/asociacion-de-addio-y-alier-en-noruega\/","og_site_name":"Addio Electronics","article_publisher":"https:\/\/www.facebook.com\/AddioElectronicsAB\/","article_published_time":"2025-03-12T14:51:43+00:00","article_modified_time":"2025-10-07T11:24:50+00:00","og_image":[{"width":749,"height":288,"url":"https:\/\/addio.eu\/wp-content\/uploads\/2025\/03\/Alier-logo.png","type":"image\/png"}],"author":"Christian Str\u00f6mblad","twitter_card":"summary_large_image","twitter_misc":{"Escrito por":"Christian Str\u00f6mblad"},"schema":{"@context":"https:\/\/schema.org","@graph":[{"@type":"Article","@id":"https:\/\/addio.eu\/es\/noticias\/asociacion-de-addio-y-alier-en-noruega\/#article","isPartOf":{"@id":"https:\/\/addio.eu\/es\/noticias\/asociacion-de-addio-y-alier-en-noruega\/"},"author":{"name":"Christian Str\u00f6mblad","@id":"https:\/\/addio.eu\/es\/#\/schema\/person\/91617accca4d373bec39ca5cf7df41ca"},"headline":"Asociaci\u00f3n de Addio y Alier en Noruega","datePublished":"2025-03-12T14:51:43+00:00","dateModified":"2025-10-07T11:24:50+00:00","mainEntityOfPage":{"@id":"https:\/\/addio.eu\/es\/noticias\/asociacion-de-addio-y-alier-en-noruega\/"},"wordCount":98,"commentCount":0,"publisher":{"@id":"https:\/\/addio.eu\/es\/#organization"},"image":{"@id":"https:\/\/addio.eu\/es\/noticias\/asociacion-de-addio-y-alier-en-noruega\/#primaryimage"},"thumbnailUrl":"https:\/\/addio.eu\/wp-content\/uploads\/2025\/03\/Alier-logo.png","articleSection":["Noticias"],"inLanguage":"es","potentialAction":[{"@type":"CommentAction","name":"Comment","target":["https:\/\/addio.eu\/es\/noticias\/asociacion-de-addio-y-alier-en-noruega\/#respond"]}]},{"@type":"WebPage","@id":"https:\/\/addio.eu\/es\/noticias\/asociacion-de-addio-y-alier-en-noruega\/","url":"https:\/\/addio.eu\/es\/noticias\/asociacion-de-addio-y-alier-en-noruega\/","name":"Asociaci\u00f3n de Addio y Alier en Noruega - Addio Electronics","isPartOf":{"@id":"https:\/\/addio.eu\/es\/#website"},"primaryImageOfPage":{"@id":"https:\/\/addio.eu\/es\/noticias\/asociacion-de-addio-y-alier-en-noruega\/#primaryimage"},"image":{"@id":"https:\/\/addio.eu\/es\/noticias\/asociacion-de-addio-y-alier-en-noruega\/#primaryimage"},"thumbnailUrl":"https:\/\/addio.eu\/wp-content\/uploads\/2025\/03\/Alier-logo.png","datePublished":"2025-03-12T14:51:43+00:00","dateModified":"2025-10-07T11:24:50+00:00","breadcrumb":{"@id":"https:\/\/addio.eu\/es\/noticias\/asociacion-de-addio-y-alier-en-noruega\/#breadcrumb"},"inLanguage":"es","potentialAction":[{"@type":"ReadAction","target":["https:\/\/addio.eu\/es\/noticias\/asociacion-de-addio-y-alier-en-noruega\/"]}]},{"@type":"ImageObject","inLanguage":"es","@id":"https:\/\/addio.eu\/es\/noticias\/asociacion-de-addio-y-alier-en-noruega\/#primaryimage","url":"https:\/\/addio.eu\/wp-content\/uploads\/2025\/03\/Alier-logo.png","contentUrl":"https:\/\/addio.eu\/wp-content\/uploads\/2025\/03\/Alier-logo.png","width":749,"height":288},{"@type":"BreadcrumbList","@id":"https:\/\/addio.eu\/es\/noticias\/asociacion-de-addio-y-alier-en-noruega\/#breadcrumb","itemListElement":[{"@type":"ListItem","position":1,"name":"Home","item":"https:\/\/addio.eu\/es\/pagina-de-inicio-de-addio\/"},{"@type":"ListItem","position":2,"name":"Asociaci\u00f3n de Addio y Alier en Noruega"}]},{"@type":"WebSite","@id":"https:\/\/addio.eu\/es\/#website","url":"https:\/\/addio.eu\/es\/","name":"addio.eu","description":"","publisher":{"@id":"https:\/\/addio.eu\/es\/#organization"},"potentialAction":[{"@type":"SearchAction","target":{"@type":"EntryPoint","urlTemplate":"https:\/\/addio.eu\/es\/?s={search_term_string}"},"query-input":{"@type":"PropertyValueSpecification","valueRequired":true,"valueName":"search_term_string"}}],"inLanguage":"es"},{"@type":"Organization","@id":"https:\/\/addio.eu\/es\/#organization","name":"Addio electronics","url":"https:\/\/addio.eu\/es\/","logo":{"@type":"ImageObject","inLanguage":"es","@id":"https:\/\/addio.eu\/es\/#\/schema\/logo\/image\/","url":"https:\/\/addio.eu\/wp-content\/uploads\/2024\/10\/Lager_1-1.svg","contentUrl":"https:\/\/addio.eu\/wp-content\/uploads\/2024\/10\/Lager_1-1.svg","caption":"Addio electronics"},"image":{"@id":"https:\/\/addio.eu\/es\/#\/schema\/logo\/image\/"},"sameAs":["https:\/\/www.facebook.com\/AddioElectronicsAB\/","https:\/\/www.linkedin.com\/company\/addio-electronics-ab"]},{"@type":"Person","@id":"https:\/\/addio.eu\/es\/#\/schema\/person\/91617accca4d373bec39ca5cf7df41ca","name":"Christian Str\u00f6mblad","image":{"@type":"ImageObject","inLanguage":"es","@id":"https:\/\/addio.eu\/es\/#\/schema\/person\/image\/","url":"https:\/\/secure.gravatar.com\/avatar\/fc7e565630ef0437746d725dc8a496c3bcbbee2a95baf374b54b74dcbd3e4999?s=96&d=mm&r=g","contentUrl":"https:\/\/secure.gravatar.com\/avatar\/fc7e565630ef0437746d725dc8a496c3bcbbee2a95baf374b54b74dcbd3e4999?s=96&d=mm&r=g","caption":"Christian Str\u00f6mblad"},"sameAs":["https:\/\/addio.eu"],"url":"https:\/\/addio.eu\/es\/author\/christian-stromblad\/"}]}},"_links":{"self":[{"href":"https:\/\/addio.eu\/es\/wp-json\/wp\/v2\/posts\/9033","targetHints":{"allow":["GET"]}}],"collection":[{"href":"https:\/\/addio.eu\/es\/wp-json\/wp\/v2\/posts"}],"about":[{"href":"https:\/\/addio.eu\/es\/wp-json\/wp\/v2\/types\/post"}],"author":[{"embeddable":true,"href":"https:\/\/addio.eu\/es\/wp-json\/wp\/v2\/users\/4"}],"replies":[{"embeddable":true,"href":"https:\/\/addio.eu\/es\/wp-json\/wp\/v2\/comments?post=9033"}],"version-history":[{"count":1,"href":"https:\/\/addio.eu\/es\/wp-json\/wp\/v2\/posts\/9033\/revisions"}],"predecessor-version":[{"id":9036,"href":"https:\/\/addio.eu\/es\/wp-json\/wp\/v2\/posts\/9033\/revisions\/9036"}],"wp:featuredmedia":[{"embeddable":true,"href":"https:\/\/addio.eu\/es\/wp-json\/wp\/v2\/media\/9035"}],"wp:attachment":[{"href":"https:\/\/addio.eu\/es\/wp-json\/wp\/v2\/media?parent=9033"}],"wp:term":[{"taxonomy":"category","embeddable":true,"href":"https:\/\/addio.eu\/es\/wp-json\/wp\/v2\/categories?post=9033"},{"taxonomy":"post_tag","embeddable":true,"href":"https:\/\/addio.eu\/es\/wp-json\/wp\/v2\/tags?post=9033"}],"curies":[{"name":"wp","href":"https:\/\/api.w.org\/{rel}","templated":true}]}}