{"id":9084,"date":"2025-03-12T14:51:43","date_gmt":"2025-03-12T14:51:43","guid":{"rendered":"https:\/\/addio.eu\/nicht-kategorisiert\/addio-und-alier-partnerschaft-in-norwegen\/"},"modified":"2025-10-07T11:25:07","modified_gmt":"2025-10-07T11:25:07","slug":"addio-und-alier-partnerschaft-in-norwegen","status":"publish","type":"post","link":"https:\/\/addio.eu\/de\/neuigkeiten\/addio-und-alier-partnerschaft-in-norwegen\/","title":{"rendered":"Addio und Alier Partnerschaft in Norwegen"},"content":{"rendered":"\n<p>Wir freuen uns sehr, unsere Partnerschaft mit Alier AS bekannt zu geben, einem der gr\u00f6\u00dften Spezialisten f\u00fcr Fahrzeugumbauten in Norwegen, dessen Geschichte bis ins Jahr 1986 zur\u00fcckreicht. Mit 11 Standorten landesweit und \u00fcber 100 Mitarbeitern bietet Alier AS ein umfassendes Leistungsspektrum an, darunter Fahrzeugumbauten, Heizl\u00f6sungen und die Installation von Spezialausr\u00fcstung. Ihr Engagement f\u00fcr Qualit\u00e4t und Innovation passt perfekt zu unserem Streben nach Exzellenz, und wir freuen uns darauf, gemeinsam Gro\u00dfes zu erreichen.  <\/p>\n\n<p><\/p>\n","protected":false},"excerpt":{"rendered":"<p>Wir freuen uns sehr, unsere Partnerschaft mit Alier AS bekannt zu geben, einem der gr\u00f6\u00dften Spezialisten f\u00fcr Fahrzeugumbauten in Norwegen mit 11 Standorten von Nord bis S\u00fcd.<\/p>\n","protected":false},"author":4,"featured_media":9086,"comment_status":"open","ping_status":"open","sticky":false,"template":"","format":"standard","meta":{"footnotes":""},"categories":[144],"tags":[],"class_list":["post-9084","post","type-post","status-publish","format-standard","has-post-thumbnail","hentry","category-neuigkeiten"],"yoast_head":"<!-- This site is optimized with the Yoast SEO plugin v26.0 - https:\/\/yoast.com\/wordpress\/plugins\/seo\/ -->\n<title>Addio und Alier Partnerschaft in Norwegen - Addio Electronics<\/title>\n<meta name=\"robots\" content=\"index, follow, max-snippet:-1, max-image-preview:large, max-video-preview:-1\" \/>\n<link rel=\"canonical\" href=\"https:\/\/addio.eu\/de\/neuigkeiten\/addio-und-alier-partnerschaft-in-norwegen\/\" \/>\n<meta property=\"og:locale\" content=\"de_DE\" \/>\n<meta property=\"og:type\" content=\"article\" \/>\n<meta property=\"og:title\" content=\"Addio und Alier Partnerschaft in Norwegen - Addio Electronics\" \/>\n<meta property=\"og:description\" content=\"Wir freuen uns sehr, unsere Partnerschaft mit Alier AS bekannt zu geben, einem der gr\u00f6\u00dften Spezialisten f\u00fcr Fahrzeugumbauten in Norwegen mit 11 Standorten von Nord bis S\u00fcd.\" \/>\n<meta property=\"og:url\" content=\"https:\/\/addio.eu\/de\/neuigkeiten\/addio-und-alier-partnerschaft-in-norwegen\/\" \/>\n<meta property=\"og:site_name\" content=\"Addio Electronics\" \/>\n<meta property=\"article:publisher\" content=\"https:\/\/www.facebook.com\/AddioElectronicsAB\/\" \/>\n<meta property=\"article:published_time\" content=\"2025-03-12T14:51:43+00:00\" \/>\n<meta property=\"article:modified_time\" content=\"2025-10-07T11:25:07+00:00\" \/>\n<meta property=\"og:image\" content=\"https:\/\/addio.eu\/wp-content\/uploads\/2025\/03\/Alier-logo.png\" \/>\n\t<meta property=\"og:image:width\" content=\"749\" \/>\n\t<meta property=\"og:image:height\" content=\"288\" \/>\n\t<meta property=\"og:image:type\" content=\"image\/png\" \/>\n<meta name=\"author\" content=\"Christian Str\u00f6mblad\" \/>\n<meta name=\"twitter:card\" content=\"summary_large_image\" \/>\n<meta name=\"twitter:label1\" content=\"Verfasst von\" \/>\n\t<meta name=\"twitter:data1\" content=\"Christian Str\u00f6mblad\" \/>\n<script type=\"application\/ld+json\" class=\"yoast-schema-graph\">{\"@context\":\"https:\/\/schema.org\",\"@graph\":[{\"@type\":\"Article\",\"@id\":\"https:\/\/addio.eu\/de\/neuigkeiten\/addio-und-alier-partnerschaft-in-norwegen\/#article\",\"isPartOf\":{\"@id\":\"https:\/\/addio.eu\/de\/neuigkeiten\/addio-und-alier-partnerschaft-in-norwegen\/\"},\"author\":{\"name\":\"Christian Str\u00f6mblad\",\"@id\":\"https:\/\/addio.eu\/de\/#\/schema\/person\/91617accca4d373bec39ca5cf7df41ca\"},\"headline\":\"Addio und Alier Partnerschaft in Norwegen\",\"datePublished\":\"2025-03-12T14:51:43+00:00\",\"dateModified\":\"2025-10-07T11:25:07+00:00\",\"mainEntityOfPage\":{\"@id\":\"https:\/\/addio.eu\/de\/neuigkeiten\/addio-und-alier-partnerschaft-in-norwegen\/\"},\"wordCount\":83,\"commentCount\":0,\"publisher\":{\"@id\":\"https:\/\/addio.eu\/de\/#organization\"},\"image\":{\"@id\":\"https:\/\/addio.eu\/de\/neuigkeiten\/addio-und-alier-partnerschaft-in-norwegen\/#primaryimage\"},\"thumbnailUrl\":\"https:\/\/addio.eu\/wp-content\/uploads\/2025\/03\/Alier-logo.png\",\"articleSection\":[\"Neuigkeiten\"],\"inLanguage\":\"de\",\"potentialAction\":[{\"@type\":\"CommentAction\",\"name\":\"Comment\",\"target\":[\"https:\/\/addio.eu\/de\/neuigkeiten\/addio-und-alier-partnerschaft-in-norwegen\/#respond\"]}]},{\"@type\":\"WebPage\",\"@id\":\"https:\/\/addio.eu\/de\/neuigkeiten\/addio-und-alier-partnerschaft-in-norwegen\/\",\"url\":\"https:\/\/addio.eu\/de\/neuigkeiten\/addio-und-alier-partnerschaft-in-norwegen\/\",\"name\":\"Addio und Alier Partnerschaft in Norwegen - Addio Electronics\",\"isPartOf\":{\"@id\":\"https:\/\/addio.eu\/de\/#website\"},\"primaryImageOfPage\":{\"@id\":\"https:\/\/addio.eu\/de\/neuigkeiten\/addio-und-alier-partnerschaft-in-norwegen\/#primaryimage\"},\"image\":{\"@id\":\"https:\/\/addio.eu\/de\/neuigkeiten\/addio-und-alier-partnerschaft-in-norwegen\/#primaryimage\"},\"thumbnailUrl\":\"https:\/\/addio.eu\/wp-content\/uploads\/2025\/03\/Alier-logo.png\",\"datePublished\":\"2025-03-12T14:51:43+00:00\",\"dateModified\":\"2025-10-07T11:25:07+00:00\",\"breadcrumb\":{\"@id\":\"https:\/\/addio.eu\/de\/neuigkeiten\/addio-und-alier-partnerschaft-in-norwegen\/#breadcrumb\"},\"inLanguage\":\"de\",\"potentialAction\":[{\"@type\":\"ReadAction\",\"target\":[\"https:\/\/addio.eu\/de\/neuigkeiten\/addio-und-alier-partnerschaft-in-norwegen\/\"]}]},{\"@type\":\"ImageObject\",\"inLanguage\":\"de\",\"@id\":\"https:\/\/addio.eu\/de\/neuigkeiten\/addio-und-alier-partnerschaft-in-norwegen\/#primaryimage\",\"url\":\"https:\/\/addio.eu\/wp-content\/uploads\/2025\/03\/Alier-logo.png\",\"contentUrl\":\"https:\/\/addio.eu\/wp-content\/uploads\/2025\/03\/Alier-logo.png\",\"width\":749,\"height\":288},{\"@type\":\"BreadcrumbList\",\"@id\":\"https:\/\/addio.eu\/de\/neuigkeiten\/addio-und-alier-partnerschaft-in-norwegen\/#breadcrumb\",\"itemListElement\":[{\"@type\":\"ListItem\",\"position\":1,\"name\":\"Home\",\"item\":\"https:\/\/addio.eu\/de\/addio-startseite\/\"},{\"@type\":\"ListItem\",\"position\":2,\"name\":\"Addio und Alier Partnerschaft in Norwegen\"}]},{\"@type\":\"WebSite\",\"@id\":\"https:\/\/addio.eu\/de\/#website\",\"url\":\"https:\/\/addio.eu\/de\/\",\"name\":\"addio.eu\",\"description\":\"\",\"publisher\":{\"@id\":\"https:\/\/addio.eu\/de\/#organization\"},\"potentialAction\":[{\"@type\":\"SearchAction\",\"target\":{\"@type\":\"EntryPoint\",\"urlTemplate\":\"https:\/\/addio.eu\/de\/?s={search_term_string}\"},\"query-input\":{\"@type\":\"PropertyValueSpecification\",\"valueRequired\":true,\"valueName\":\"search_term_string\"}}],\"inLanguage\":\"de\"},{\"@type\":\"Organization\",\"@id\":\"https:\/\/addio.eu\/de\/#organization\",\"name\":\"Addio-Elektronik\",\"url\":\"https:\/\/addio.eu\/de\/\",\"logo\":{\"@type\":\"ImageObject\",\"inLanguage\":\"de\",\"@id\":\"https:\/\/addio.eu\/de\/#\/schema\/logo\/image\/\",\"url\":\"https:\/\/addio.eu\/wp-content\/uploads\/2024\/10\/Lager_1-1.svg\",\"contentUrl\":\"https:\/\/addio.eu\/wp-content\/uploads\/2024\/10\/Lager_1-1.svg\",\"caption\":\"Addio-Elektronik\"},\"image\":{\"@id\":\"https:\/\/addio.eu\/de\/#\/schema\/logo\/image\/\"},\"sameAs\":[\"https:\/\/www.facebook.com\/AddioElectronicsAB\/\",\"https:\/\/www.linkedin.com\/company\/addio-electronics-ab\"]},{\"@type\":\"Person\",\"@id\":\"https:\/\/addio.eu\/de\/#\/schema\/person\/91617accca4d373bec39ca5cf7df41ca\",\"name\":\"Christian Str\u00f6mblad\",\"image\":{\"@type\":\"ImageObject\",\"inLanguage\":\"de\",\"@id\":\"https:\/\/addio.eu\/de\/#\/schema\/person\/image\/\",\"url\":\"https:\/\/secure.gravatar.com\/avatar\/fc7e565630ef0437746d725dc8a496c3bcbbee2a95baf374b54b74dcbd3e4999?s=96&d=mm&r=g\",\"contentUrl\":\"https:\/\/secure.gravatar.com\/avatar\/fc7e565630ef0437746d725dc8a496c3bcbbee2a95baf374b54b74dcbd3e4999?s=96&d=mm&r=g\",\"caption\":\"Christian Str\u00f6mblad\"},\"sameAs\":[\"https:\/\/addio.eu\"],\"url\":\"https:\/\/addio.eu\/de\/author\/christian-stromblad\/\"}]}<\/script>\n<!-- \/ Yoast SEO plugin. -->","yoast_head_json":{"title":"Addio und Alier Partnerschaft in Norwegen - Addio Electronics","robots":{"index":"index","follow":"follow","max-snippet":"max-snippet:-1","max-image-preview":"max-image-preview:large","max-video-preview":"max-video-preview:-1"},"canonical":"https:\/\/addio.eu\/de\/neuigkeiten\/addio-und-alier-partnerschaft-in-norwegen\/","og_locale":"de_DE","og_type":"article","og_title":"Addio und Alier Partnerschaft in Norwegen - Addio Electronics","og_description":"Wir freuen uns sehr, unsere Partnerschaft mit Alier AS bekannt zu geben, einem der gr\u00f6\u00dften Spezialisten f\u00fcr Fahrzeugumbauten in Norwegen mit 11 Standorten von Nord bis S\u00fcd.","og_url":"https:\/\/addio.eu\/de\/neuigkeiten\/addio-und-alier-partnerschaft-in-norwegen\/","og_site_name":"Addio Electronics","article_publisher":"https:\/\/www.facebook.com\/AddioElectronicsAB\/","article_published_time":"2025-03-12T14:51:43+00:00","article_modified_time":"2025-10-07T11:25:07+00:00","og_image":[{"width":749,"height":288,"url":"https:\/\/addio.eu\/wp-content\/uploads\/2025\/03\/Alier-logo.png","type":"image\/png"}],"author":"Christian Str\u00f6mblad","twitter_card":"summary_large_image","twitter_misc":{"Verfasst von":"Christian Str\u00f6mblad"},"schema":{"@context":"https:\/\/schema.org","@graph":[{"@type":"Article","@id":"https:\/\/addio.eu\/de\/neuigkeiten\/addio-und-alier-partnerschaft-in-norwegen\/#article","isPartOf":{"@id":"https:\/\/addio.eu\/de\/neuigkeiten\/addio-und-alier-partnerschaft-in-norwegen\/"},"author":{"name":"Christian Str\u00f6mblad","@id":"https:\/\/addio.eu\/de\/#\/schema\/person\/91617accca4d373bec39ca5cf7df41ca"},"headline":"Addio und Alier Partnerschaft in Norwegen","datePublished":"2025-03-12T14:51:43+00:00","dateModified":"2025-10-07T11:25:07+00:00","mainEntityOfPage":{"@id":"https:\/\/addio.eu\/de\/neuigkeiten\/addio-und-alier-partnerschaft-in-norwegen\/"},"wordCount":83,"commentCount":0,"publisher":{"@id":"https:\/\/addio.eu\/de\/#organization"},"image":{"@id":"https:\/\/addio.eu\/de\/neuigkeiten\/addio-und-alier-partnerschaft-in-norwegen\/#primaryimage"},"thumbnailUrl":"https:\/\/addio.eu\/wp-content\/uploads\/2025\/03\/Alier-logo.png","articleSection":["Neuigkeiten"],"inLanguage":"de","potentialAction":[{"@type":"CommentAction","name":"Comment","target":["https:\/\/addio.eu\/de\/neuigkeiten\/addio-und-alier-partnerschaft-in-norwegen\/#respond"]}]},{"@type":"WebPage","@id":"https:\/\/addio.eu\/de\/neuigkeiten\/addio-und-alier-partnerschaft-in-norwegen\/","url":"https:\/\/addio.eu\/de\/neuigkeiten\/addio-und-alier-partnerschaft-in-norwegen\/","name":"Addio und Alier Partnerschaft in Norwegen - Addio Electronics","isPartOf":{"@id":"https:\/\/addio.eu\/de\/#website"},"primaryImageOfPage":{"@id":"https:\/\/addio.eu\/de\/neuigkeiten\/addio-und-alier-partnerschaft-in-norwegen\/#primaryimage"},"image":{"@id":"https:\/\/addio.eu\/de\/neuigkeiten\/addio-und-alier-partnerschaft-in-norwegen\/#primaryimage"},"thumbnailUrl":"https:\/\/addio.eu\/wp-content\/uploads\/2025\/03\/Alier-logo.png","datePublished":"2025-03-12T14:51:43+00:00","dateModified":"2025-10-07T11:25:07+00:00","breadcrumb":{"@id":"https:\/\/addio.eu\/de\/neuigkeiten\/addio-und-alier-partnerschaft-in-norwegen\/#breadcrumb"},"inLanguage":"de","potentialAction":[{"@type":"ReadAction","target":["https:\/\/addio.eu\/de\/neuigkeiten\/addio-und-alier-partnerschaft-in-norwegen\/"]}]},{"@type":"ImageObject","inLanguage":"de","@id":"https:\/\/addio.eu\/de\/neuigkeiten\/addio-und-alier-partnerschaft-in-norwegen\/#primaryimage","url":"https:\/\/addio.eu\/wp-content\/uploads\/2025\/03\/Alier-logo.png","contentUrl":"https:\/\/addio.eu\/wp-content\/uploads\/2025\/03\/Alier-logo.png","width":749,"height":288},{"@type":"BreadcrumbList","@id":"https:\/\/addio.eu\/de\/neuigkeiten\/addio-und-alier-partnerschaft-in-norwegen\/#breadcrumb","itemListElement":[{"@type":"ListItem","position":1,"name":"Home","item":"https:\/\/addio.eu\/de\/addio-startseite\/"},{"@type":"ListItem","position":2,"name":"Addio und Alier Partnerschaft in Norwegen"}]},{"@type":"WebSite","@id":"https:\/\/addio.eu\/de\/#website","url":"https:\/\/addio.eu\/de\/","name":"addio.eu","description":"","publisher":{"@id":"https:\/\/addio.eu\/de\/#organization"},"potentialAction":[{"@type":"SearchAction","target":{"@type":"EntryPoint","urlTemplate":"https:\/\/addio.eu\/de\/?s={search_term_string}"},"query-input":{"@type":"PropertyValueSpecification","valueRequired":true,"valueName":"search_term_string"}}],"inLanguage":"de"},{"@type":"Organization","@id":"https:\/\/addio.eu\/de\/#organization","name":"Addio-Elektronik","url":"https:\/\/addio.eu\/de\/","logo":{"@type":"ImageObject","inLanguage":"de","@id":"https:\/\/addio.eu\/de\/#\/schema\/logo\/image\/","url":"https:\/\/addio.eu\/wp-content\/uploads\/2024\/10\/Lager_1-1.svg","contentUrl":"https:\/\/addio.eu\/wp-content\/uploads\/2024\/10\/Lager_1-1.svg","caption":"Addio-Elektronik"},"image":{"@id":"https:\/\/addio.eu\/de\/#\/schema\/logo\/image\/"},"sameAs":["https:\/\/www.facebook.com\/AddioElectronicsAB\/","https:\/\/www.linkedin.com\/company\/addio-electronics-ab"]},{"@type":"Person","@id":"https:\/\/addio.eu\/de\/#\/schema\/person\/91617accca4d373bec39ca5cf7df41ca","name":"Christian Str\u00f6mblad","image":{"@type":"ImageObject","inLanguage":"de","@id":"https:\/\/addio.eu\/de\/#\/schema\/person\/image\/","url":"https:\/\/secure.gravatar.com\/avatar\/fc7e565630ef0437746d725dc8a496c3bcbbee2a95baf374b54b74dcbd3e4999?s=96&d=mm&r=g","contentUrl":"https:\/\/secure.gravatar.com\/avatar\/fc7e565630ef0437746d725dc8a496c3bcbbee2a95baf374b54b74dcbd3e4999?s=96&d=mm&r=g","caption":"Christian Str\u00f6mblad"},"sameAs":["https:\/\/addio.eu"],"url":"https:\/\/addio.eu\/de\/author\/christian-stromblad\/"}]}},"_links":{"self":[{"href":"https:\/\/addio.eu\/de\/wp-json\/wp\/v2\/posts\/9084","targetHints":{"allow":["GET"]}}],"collection":[{"href":"https:\/\/addio.eu\/de\/wp-json\/wp\/v2\/posts"}],"about":[{"href":"https:\/\/addio.eu\/de\/wp-json\/wp\/v2\/types\/post"}],"author":[{"embeddable":true,"href":"https:\/\/addio.eu\/de\/wp-json\/wp\/v2\/users\/4"}],"replies":[{"embeddable":true,"href":"https:\/\/addio.eu\/de\/wp-json\/wp\/v2\/comments?post=9084"}],"version-history":[{"count":1,"href":"https:\/\/addio.eu\/de\/wp-json\/wp\/v2\/posts\/9084\/revisions"}],"predecessor-version":[{"id":9087,"href":"https:\/\/addio.eu\/de\/wp-json\/wp\/v2\/posts\/9084\/revisions\/9087"}],"wp:featuredmedia":[{"embeddable":true,"href":"https:\/\/addio.eu\/de\/wp-json\/wp\/v2\/media\/9086"}],"wp:attachment":[{"href":"https:\/\/addio.eu\/de\/wp-json\/wp\/v2\/media?parent=9084"}],"wp:term":[{"taxonomy":"category","embeddable":true,"href":"https:\/\/addio.eu\/de\/wp-json\/wp\/v2\/categories?post=9084"},{"taxonomy":"post_tag","embeddable":true,"href":"https:\/\/addio.eu\/de\/wp-json\/wp\/v2\/tags?post=9084"}],"curies":[{"name":"wp","href":"https:\/\/api.w.org\/{rel}","templated":true}]}}