{"id":9140,"date":"2025-02-03T09:06:00","date_gmt":"2025-02-03T09:06:00","guid":{"rendered":"https:\/\/addio.eu\/uncategorized-da\/vi-fejrer-vores-nye-kontor\/"},"modified":"2025-10-07T11:25:32","modified_gmt":"2025-10-07T11:25:32","slug":"vi-fejrer-vores-nye-kontor","status":"publish","type":"post","link":"https:\/\/addio.eu\/da\/nyheder\/vi-fejrer-vores-nye-kontor\/","title":{"rendered":"Vi fejrer vores nye kontor"},"content":{"rendered":"\n<p><strong>Et veludformet arbejdsomr\u00e5de, der opfylder vores virksomheds behov for samarbejde, innovation og samling, g\u00f8r os glade for at komme p\u00e5 arbejde hver dag. Stor tak til Exin V\u00e4ster\u00e5s for at levere m\u00f8blerne!<\/strong><a href=\"https:\/\/www.linkedin.com\/search\/results\/all\/?keywords=%23recycling&amp;origin=HASH_TAG_FROM_FEED\">hashtag#genbrug<\/a> <a href=\"https:\/\/www.linkedin.com\/search\/results\/all\/?keywords=%23startup&amp;origin=HASH_TAG_FROM_FEED\">hashtag#startup<\/a> <a href=\"https:\/\/www.linkedin.com\/search\/results\/all\/?keywords=%23goingglobal&amp;origin=HASH_TAG_FROM_FEED\">hashtag#goingglobal<\/a> <a href=\"https:\/\/www.linkedin.com\/search\/results\/all\/?keywords=%23exin&amp;origin=HASH_TAG_FROM_FEED\">hashtag#Exin<\/a><\/p>\n\n<p>Med vores nye kontor er der masser af plads til nye dygtige teammedlemmer samt et testrum, ind- og udg\u00e5ende leverancer og samling. Kontoret er beliggende i V\u00e4ster\u00e5s, Sverige, t\u00e6t p\u00e5 vores leverand\u00f8rer og partnere. <\/p>\n\n<p><\/p>\n","protected":false},"excerpt":{"rendered":"<p>Et veludformet arbejdsomr\u00e5de, der opfylder vores virksomheds behov for samarbejde, innovation og samling, g\u00f8r os glade for at komme p\u00e5 arbejde hver dag.<\/p>\n","protected":false},"author":4,"featured_media":9141,"comment_status":"open","ping_status":"open","sticky":false,"template":"","format":"standard","meta":{"footnotes":""},"categories":[146],"tags":[],"class_list":["post-9140","post","type-post","status-publish","format-standard","has-post-thumbnail","hentry","category-nyheder"],"yoast_head":"<!-- This site is optimized with the Yoast SEO plugin v26.0 - https:\/\/yoast.com\/wordpress\/plugins\/seo\/ -->\n<title>Vi fejrer vores nye kontor - Addio Electronics<\/title>\n<meta name=\"robots\" content=\"index, follow, max-snippet:-1, max-image-preview:large, max-video-preview:-1\" \/>\n<link rel=\"canonical\" href=\"https:\/\/addio.eu\/da\/nyheder\/vi-fejrer-vores-nye-kontor\/\" \/>\n<meta property=\"og:locale\" content=\"da_DK\" \/>\n<meta property=\"og:type\" content=\"article\" \/>\n<meta property=\"og:title\" content=\"Vi fejrer vores nye kontor - Addio Electronics\" \/>\n<meta property=\"og:description\" content=\"Et veludformet arbejdsomr\u00e5de, der opfylder vores virksomheds behov for samarbejde, innovation og samling, g\u00f8r os glade for at komme p\u00e5 arbejde hver dag.\" \/>\n<meta property=\"og:url\" content=\"https:\/\/addio.eu\/da\/nyheder\/vi-fejrer-vores-nye-kontor\/\" \/>\n<meta property=\"og:site_name\" content=\"Addio Electronics\" \/>\n<meta property=\"article:publisher\" content=\"https:\/\/www.facebook.com\/AddioElectronicsAB\/\" \/>\n<meta property=\"article:published_time\" content=\"2025-02-03T09:06:00+00:00\" \/>\n<meta property=\"article:modified_time\" content=\"2025-10-07T11:25:32+00:00\" \/>\n<meta property=\"og:image\" content=\"https:\/\/addio.eu\/wp-content\/uploads\/2025\/03\/office.jpeg\" \/>\n\t<meta property=\"og:image:width\" content=\"2048\" \/>\n\t<meta property=\"og:image:height\" content=\"1454\" \/>\n\t<meta property=\"og:image:type\" content=\"image\/jpeg\" \/>\n<meta name=\"author\" content=\"Christian Str\u00f6mblad\" \/>\n<meta name=\"twitter:card\" content=\"summary_large_image\" \/>\n<meta name=\"twitter:label1\" content=\"Skrevet af\" \/>\n\t<meta name=\"twitter:data1\" content=\"Christian Str\u00f6mblad\" \/>\n<script type=\"application\/ld+json\" class=\"yoast-schema-graph\">{\"@context\":\"https:\/\/schema.org\",\"@graph\":[{\"@type\":\"Article\",\"@id\":\"https:\/\/addio.eu\/da\/nyheder\/vi-fejrer-vores-nye-kontor\/#article\",\"isPartOf\":{\"@id\":\"https:\/\/addio.eu\/da\/nyheder\/vi-fejrer-vores-nye-kontor\/\"},\"author\":{\"name\":\"Christian Str\u00f6mblad\",\"@id\":\"https:\/\/addio.eu\/da\/#\/schema\/person\/91617accca4d373bec39ca5cf7df41ca\"},\"headline\":\"Vi fejrer vores nye kontor\",\"datePublished\":\"2025-02-03T09:06:00+00:00\",\"dateModified\":\"2025-10-07T11:25:32+00:00\",\"mainEntityOfPage\":{\"@id\":\"https:\/\/addio.eu\/da\/nyheder\/vi-fejrer-vores-nye-kontor\/\"},\"wordCount\":89,\"commentCount\":0,\"publisher\":{\"@id\":\"https:\/\/addio.eu\/da\/#organization\"},\"image\":{\"@id\":\"https:\/\/addio.eu\/da\/nyheder\/vi-fejrer-vores-nye-kontor\/#primaryimage\"},\"thumbnailUrl\":\"https:\/\/addio.eu\/wp-content\/uploads\/2025\/03\/office.jpeg\",\"articleSection\":[\"Nyheder\"],\"inLanguage\":\"da-DK\",\"potentialAction\":[{\"@type\":\"CommentAction\",\"name\":\"Comment\",\"target\":[\"https:\/\/addio.eu\/da\/nyheder\/vi-fejrer-vores-nye-kontor\/#respond\"]}]},{\"@type\":\"WebPage\",\"@id\":\"https:\/\/addio.eu\/da\/nyheder\/vi-fejrer-vores-nye-kontor\/\",\"url\":\"https:\/\/addio.eu\/da\/nyheder\/vi-fejrer-vores-nye-kontor\/\",\"name\":\"Vi fejrer vores nye kontor - Addio Electronics\",\"isPartOf\":{\"@id\":\"https:\/\/addio.eu\/da\/#website\"},\"primaryImageOfPage\":{\"@id\":\"https:\/\/addio.eu\/da\/nyheder\/vi-fejrer-vores-nye-kontor\/#primaryimage\"},\"image\":{\"@id\":\"https:\/\/addio.eu\/da\/nyheder\/vi-fejrer-vores-nye-kontor\/#primaryimage\"},\"thumbnailUrl\":\"https:\/\/addio.eu\/wp-content\/uploads\/2025\/03\/office.jpeg\",\"datePublished\":\"2025-02-03T09:06:00+00:00\",\"dateModified\":\"2025-10-07T11:25:32+00:00\",\"breadcrumb\":{\"@id\":\"https:\/\/addio.eu\/da\/nyheder\/vi-fejrer-vores-nye-kontor\/#breadcrumb\"},\"inLanguage\":\"da-DK\",\"potentialAction\":[{\"@type\":\"ReadAction\",\"target\":[\"https:\/\/addio.eu\/da\/nyheder\/vi-fejrer-vores-nye-kontor\/\"]}]},{\"@type\":\"ImageObject\",\"inLanguage\":\"da-DK\",\"@id\":\"https:\/\/addio.eu\/da\/nyheder\/vi-fejrer-vores-nye-kontor\/#primaryimage\",\"url\":\"https:\/\/addio.eu\/wp-content\/uploads\/2025\/03\/office.jpeg\",\"contentUrl\":\"https:\/\/addio.eu\/wp-content\/uploads\/2025\/03\/office.jpeg\",\"width\":2048,\"height\":1454},{\"@type\":\"BreadcrumbList\",\"@id\":\"https:\/\/addio.eu\/da\/nyheder\/vi-fejrer-vores-nye-kontor\/#breadcrumb\",\"itemListElement\":[{\"@type\":\"ListItem\",\"position\":1,\"name\":\"Home\",\"item\":\"https:\/\/addio.eu\/da\/addio-forside\/\"},{\"@type\":\"ListItem\",\"position\":2,\"name\":\"Vi fejrer vores nye kontor\"}]},{\"@type\":\"WebSite\",\"@id\":\"https:\/\/addio.eu\/da\/#website\",\"url\":\"https:\/\/addio.eu\/da\/\",\"name\":\"addio.eu\",\"description\":\"\",\"publisher\":{\"@id\":\"https:\/\/addio.eu\/da\/#organization\"},\"potentialAction\":[{\"@type\":\"SearchAction\",\"target\":{\"@type\":\"EntryPoint\",\"urlTemplate\":\"https:\/\/addio.eu\/da\/?s={search_term_string}\"},\"query-input\":{\"@type\":\"PropertyValueSpecification\",\"valueRequired\":true,\"valueName\":\"search_term_string\"}}],\"inLanguage\":\"da-DK\"},{\"@type\":\"Organization\",\"@id\":\"https:\/\/addio.eu\/da\/#organization\",\"name\":\"Addio elektronik\",\"url\":\"https:\/\/addio.eu\/da\/\",\"logo\":{\"@type\":\"ImageObject\",\"inLanguage\":\"da-DK\",\"@id\":\"https:\/\/addio.eu\/da\/#\/schema\/logo\/image\/\",\"url\":\"https:\/\/addio.eu\/wp-content\/uploads\/2024\/10\/Lager_1-1.svg\",\"contentUrl\":\"https:\/\/addio.eu\/wp-content\/uploads\/2024\/10\/Lager_1-1.svg\",\"caption\":\"Addio elektronik\"},\"image\":{\"@id\":\"https:\/\/addio.eu\/da\/#\/schema\/logo\/image\/\"},\"sameAs\":[\"https:\/\/www.facebook.com\/AddioElectronicsAB\/\",\"https:\/\/www.linkedin.com\/company\/addio-electronics-ab\"]},{\"@type\":\"Person\",\"@id\":\"https:\/\/addio.eu\/da\/#\/schema\/person\/91617accca4d373bec39ca5cf7df41ca\",\"name\":\"Christian Str\u00f6mblad\",\"image\":{\"@type\":\"ImageObject\",\"inLanguage\":\"da-DK\",\"@id\":\"https:\/\/addio.eu\/da\/#\/schema\/person\/image\/\",\"url\":\"https:\/\/secure.gravatar.com\/avatar\/fc7e565630ef0437746d725dc8a496c3bcbbee2a95baf374b54b74dcbd3e4999?s=96&d=mm&r=g\",\"contentUrl\":\"https:\/\/secure.gravatar.com\/avatar\/fc7e565630ef0437746d725dc8a496c3bcbbee2a95baf374b54b74dcbd3e4999?s=96&d=mm&r=g\",\"caption\":\"Christian Str\u00f6mblad\"},\"sameAs\":[\"https:\/\/addio.eu\"],\"url\":\"https:\/\/addio.eu\/da\/author\/christian-stromblad\/\"}]}<\/script>\n<!-- \/ Yoast SEO plugin. -->","yoast_head_json":{"title":"Vi fejrer vores nye kontor - Addio Electronics","robots":{"index":"index","follow":"follow","max-snippet":"max-snippet:-1","max-image-preview":"max-image-preview:large","max-video-preview":"max-video-preview:-1"},"canonical":"https:\/\/addio.eu\/da\/nyheder\/vi-fejrer-vores-nye-kontor\/","og_locale":"da_DK","og_type":"article","og_title":"Vi fejrer vores nye kontor - Addio Electronics","og_description":"Et veludformet arbejdsomr\u00e5de, der opfylder vores virksomheds behov for samarbejde, innovation og samling, g\u00f8r os glade for at komme p\u00e5 arbejde hver dag.","og_url":"https:\/\/addio.eu\/da\/nyheder\/vi-fejrer-vores-nye-kontor\/","og_site_name":"Addio Electronics","article_publisher":"https:\/\/www.facebook.com\/AddioElectronicsAB\/","article_published_time":"2025-02-03T09:06:00+00:00","article_modified_time":"2025-10-07T11:25:32+00:00","og_image":[{"width":2048,"height":1454,"url":"https:\/\/addio.eu\/wp-content\/uploads\/2025\/03\/office.jpeg","type":"image\/jpeg"}],"author":"Christian Str\u00f6mblad","twitter_card":"summary_large_image","twitter_misc":{"Skrevet af":"Christian Str\u00f6mblad"},"schema":{"@context":"https:\/\/schema.org","@graph":[{"@type":"Article","@id":"https:\/\/addio.eu\/da\/nyheder\/vi-fejrer-vores-nye-kontor\/#article","isPartOf":{"@id":"https:\/\/addio.eu\/da\/nyheder\/vi-fejrer-vores-nye-kontor\/"},"author":{"name":"Christian Str\u00f6mblad","@id":"https:\/\/addio.eu\/da\/#\/schema\/person\/91617accca4d373bec39ca5cf7df41ca"},"headline":"Vi fejrer vores nye kontor","datePublished":"2025-02-03T09:06:00+00:00","dateModified":"2025-10-07T11:25:32+00:00","mainEntityOfPage":{"@id":"https:\/\/addio.eu\/da\/nyheder\/vi-fejrer-vores-nye-kontor\/"},"wordCount":89,"commentCount":0,"publisher":{"@id":"https:\/\/addio.eu\/da\/#organization"},"image":{"@id":"https:\/\/addio.eu\/da\/nyheder\/vi-fejrer-vores-nye-kontor\/#primaryimage"},"thumbnailUrl":"https:\/\/addio.eu\/wp-content\/uploads\/2025\/03\/office.jpeg","articleSection":["Nyheder"],"inLanguage":"da-DK","potentialAction":[{"@type":"CommentAction","name":"Comment","target":["https:\/\/addio.eu\/da\/nyheder\/vi-fejrer-vores-nye-kontor\/#respond"]}]},{"@type":"WebPage","@id":"https:\/\/addio.eu\/da\/nyheder\/vi-fejrer-vores-nye-kontor\/","url":"https:\/\/addio.eu\/da\/nyheder\/vi-fejrer-vores-nye-kontor\/","name":"Vi fejrer vores nye kontor - Addio Electronics","isPartOf":{"@id":"https:\/\/addio.eu\/da\/#website"},"primaryImageOfPage":{"@id":"https:\/\/addio.eu\/da\/nyheder\/vi-fejrer-vores-nye-kontor\/#primaryimage"},"image":{"@id":"https:\/\/addio.eu\/da\/nyheder\/vi-fejrer-vores-nye-kontor\/#primaryimage"},"thumbnailUrl":"https:\/\/addio.eu\/wp-content\/uploads\/2025\/03\/office.jpeg","datePublished":"2025-02-03T09:06:00+00:00","dateModified":"2025-10-07T11:25:32+00:00","breadcrumb":{"@id":"https:\/\/addio.eu\/da\/nyheder\/vi-fejrer-vores-nye-kontor\/#breadcrumb"},"inLanguage":"da-DK","potentialAction":[{"@type":"ReadAction","target":["https:\/\/addio.eu\/da\/nyheder\/vi-fejrer-vores-nye-kontor\/"]}]},{"@type":"ImageObject","inLanguage":"da-DK","@id":"https:\/\/addio.eu\/da\/nyheder\/vi-fejrer-vores-nye-kontor\/#primaryimage","url":"https:\/\/addio.eu\/wp-content\/uploads\/2025\/03\/office.jpeg","contentUrl":"https:\/\/addio.eu\/wp-content\/uploads\/2025\/03\/office.jpeg","width":2048,"height":1454},{"@type":"BreadcrumbList","@id":"https:\/\/addio.eu\/da\/nyheder\/vi-fejrer-vores-nye-kontor\/#breadcrumb","itemListElement":[{"@type":"ListItem","position":1,"name":"Home","item":"https:\/\/addio.eu\/da\/addio-forside\/"},{"@type":"ListItem","position":2,"name":"Vi fejrer vores nye kontor"}]},{"@type":"WebSite","@id":"https:\/\/addio.eu\/da\/#website","url":"https:\/\/addio.eu\/da\/","name":"addio.eu","description":"","publisher":{"@id":"https:\/\/addio.eu\/da\/#organization"},"potentialAction":[{"@type":"SearchAction","target":{"@type":"EntryPoint","urlTemplate":"https:\/\/addio.eu\/da\/?s={search_term_string}"},"query-input":{"@type":"PropertyValueSpecification","valueRequired":true,"valueName":"search_term_string"}}],"inLanguage":"da-DK"},{"@type":"Organization","@id":"https:\/\/addio.eu\/da\/#organization","name":"Addio elektronik","url":"https:\/\/addio.eu\/da\/","logo":{"@type":"ImageObject","inLanguage":"da-DK","@id":"https:\/\/addio.eu\/da\/#\/schema\/logo\/image\/","url":"https:\/\/addio.eu\/wp-content\/uploads\/2024\/10\/Lager_1-1.svg","contentUrl":"https:\/\/addio.eu\/wp-content\/uploads\/2024\/10\/Lager_1-1.svg","caption":"Addio elektronik"},"image":{"@id":"https:\/\/addio.eu\/da\/#\/schema\/logo\/image\/"},"sameAs":["https:\/\/www.facebook.com\/AddioElectronicsAB\/","https:\/\/www.linkedin.com\/company\/addio-electronics-ab"]},{"@type":"Person","@id":"https:\/\/addio.eu\/da\/#\/schema\/person\/91617accca4d373bec39ca5cf7df41ca","name":"Christian Str\u00f6mblad","image":{"@type":"ImageObject","inLanguage":"da-DK","@id":"https:\/\/addio.eu\/da\/#\/schema\/person\/image\/","url":"https:\/\/secure.gravatar.com\/avatar\/fc7e565630ef0437746d725dc8a496c3bcbbee2a95baf374b54b74dcbd3e4999?s=96&d=mm&r=g","contentUrl":"https:\/\/secure.gravatar.com\/avatar\/fc7e565630ef0437746d725dc8a496c3bcbbee2a95baf374b54b74dcbd3e4999?s=96&d=mm&r=g","caption":"Christian Str\u00f6mblad"},"sameAs":["https:\/\/addio.eu"],"url":"https:\/\/addio.eu\/da\/author\/christian-stromblad\/"}]}},"_links":{"self":[{"href":"https:\/\/addio.eu\/da\/wp-json\/wp\/v2\/posts\/9140","targetHints":{"allow":["GET"]}}],"collection":[{"href":"https:\/\/addio.eu\/da\/wp-json\/wp\/v2\/posts"}],"about":[{"href":"https:\/\/addio.eu\/da\/wp-json\/wp\/v2\/types\/post"}],"author":[{"embeddable":true,"href":"https:\/\/addio.eu\/da\/wp-json\/wp\/v2\/users\/4"}],"replies":[{"embeddable":true,"href":"https:\/\/addio.eu\/da\/wp-json\/wp\/v2\/comments?post=9140"}],"version-history":[{"count":1,"href":"https:\/\/addio.eu\/da\/wp-json\/wp\/v2\/posts\/9140\/revisions"}],"predecessor-version":[{"id":9142,"href":"https:\/\/addio.eu\/da\/wp-json\/wp\/v2\/posts\/9140\/revisions\/9142"}],"wp:featuredmedia":[{"embeddable":true,"href":"https:\/\/addio.eu\/da\/wp-json\/wp\/v2\/media\/9141"}],"wp:attachment":[{"href":"https:\/\/addio.eu\/da\/wp-json\/wp\/v2\/media?parent=9140"}],"wp:term":[{"taxonomy":"category","embeddable":true,"href":"https:\/\/addio.eu\/da\/wp-json\/wp\/v2\/categories?post=9140"},{"taxonomy":"post_tag","embeddable":true,"href":"https:\/\/addio.eu\/da\/wp-json\/wp\/v2\/tags?post=9140"}],"curies":[{"name":"wp","href":"https:\/\/api.w.org\/{rel}","templated":true}]}}