{"id":9093,"date":"2025-03-12T14:51:43","date_gmt":"2025-03-12T14:51:43","guid":{"rendered":"https:\/\/addio.eu\/uncategorized-da\/partnerskab-mellem-addio-og-alier-i-norge\/"},"modified":"2025-10-07T11:25:18","modified_gmt":"2025-10-07T11:25:18","slug":"partnerskab-mellem-addio-og-alier-i-norge","status":"publish","type":"post","link":"https:\/\/addio.eu\/da\/nyheder\/partnerskab-mellem-addio-og-alier-i-norge\/","title":{"rendered":"Partnerskab mellem Addio og Alier i Norge"},"content":{"rendered":"\n<p>Vi er begejstrede for at kunne annoncere vores partnerskab med Alier AS, en af Norges st\u00f8rste specialister i k\u00f8ret\u00f8jstilpasning med en historie, der g\u00e5r tilbage til 1986. Med 11 afdelinger p\u00e5 landsplan og over 100 fagfolk tilbyder Alier AS et omfattende udvalg af ydelser, herunder k\u00f8ret\u00f8jsmodifikationer, varmel\u00f8sninger og installation af specialudstyr. Deres dedikation til kvalitet og innovation passer perfekt til vores str\u00e6ben efter de h\u00f8jeste standarder, og vi ser frem til at opn\u00e5 store resultater sammen.  <\/p>\n\n<p><\/p>\n","protected":false},"excerpt":{"rendered":"<p>Vi er begejstrede for at kunne annoncere vores partnerskab med Alier AS, en af Norges st\u00f8rste specialister i k\u00f8ret\u00f8jstilpasning med 11 afdelinger fra nord til syd.<\/p>\n","protected":false},"author":4,"featured_media":9098,"comment_status":"open","ping_status":"open","sticky":false,"template":"","format":"standard","meta":{"footnotes":""},"categories":[146],"tags":[],"class_list":["post-9093","post","type-post","status-publish","format-standard","has-post-thumbnail","hentry","category-nyheder"],"yoast_head":"<!-- This site is optimized with the Yoast SEO plugin v26.0 - https:\/\/yoast.com\/wordpress\/plugins\/seo\/ -->\n<title>Partnerskab mellem Addio og Alier i Norge - Addio Electronics<\/title>\n<meta name=\"robots\" content=\"index, follow, max-snippet:-1, max-image-preview:large, max-video-preview:-1\" \/>\n<link rel=\"canonical\" href=\"https:\/\/addio.eu\/da\/nyheder\/partnerskab-mellem-addio-og-alier-i-norge\/\" \/>\n<meta property=\"og:locale\" content=\"da_DK\" \/>\n<meta property=\"og:type\" content=\"article\" \/>\n<meta property=\"og:title\" content=\"Partnerskab mellem Addio og Alier i Norge - Addio Electronics\" \/>\n<meta property=\"og:description\" content=\"Vi er begejstrede for at kunne annoncere vores partnerskab med Alier AS, en af Norges st\u00f8rste specialister i k\u00f8ret\u00f8jstilpasning med 11 afdelinger fra nord til syd.\" \/>\n<meta property=\"og:url\" content=\"https:\/\/addio.eu\/da\/nyheder\/partnerskab-mellem-addio-og-alier-i-norge\/\" \/>\n<meta property=\"og:site_name\" content=\"Addio Electronics\" \/>\n<meta property=\"article:publisher\" content=\"https:\/\/www.facebook.com\/AddioElectronicsAB\/\" \/>\n<meta property=\"article:published_time\" content=\"2025-03-12T14:51:43+00:00\" \/>\n<meta property=\"article:modified_time\" content=\"2025-10-07T11:25:18+00:00\" \/>\n<meta property=\"og:image\" content=\"https:\/\/addio.eu\/wp-content\/uploads\/2025\/03\/Alier-logo.png\" \/>\n\t<meta property=\"og:image:width\" content=\"749\" \/>\n\t<meta property=\"og:image:height\" content=\"288\" \/>\n\t<meta property=\"og:image:type\" content=\"image\/png\" \/>\n<meta name=\"author\" content=\"Christian Str\u00f6mblad\" \/>\n<meta name=\"twitter:card\" content=\"summary_large_image\" \/>\n<meta name=\"twitter:label1\" content=\"Skrevet af\" \/>\n\t<meta name=\"twitter:data1\" content=\"Christian Str\u00f6mblad\" \/>\n<script type=\"application\/ld+json\" class=\"yoast-schema-graph\">{\"@context\":\"https:\/\/schema.org\",\"@graph\":[{\"@type\":\"Article\",\"@id\":\"https:\/\/addio.eu\/da\/nyheder\/partnerskab-mellem-addio-og-alier-i-norge\/#article\",\"isPartOf\":{\"@id\":\"https:\/\/addio.eu\/da\/nyheder\/partnerskab-mellem-addio-og-alier-i-norge\/\"},\"author\":{\"name\":\"Christian Str\u00f6mblad\",\"@id\":\"https:\/\/addio.eu\/da\/#\/schema\/person\/91617accca4d373bec39ca5cf7df41ca\"},\"headline\":\"Partnerskab mellem Addio og Alier i Norge\",\"datePublished\":\"2025-03-12T14:51:43+00:00\",\"dateModified\":\"2025-10-07T11:25:18+00:00\",\"mainEntityOfPage\":{\"@id\":\"https:\/\/addio.eu\/da\/nyheder\/partnerskab-mellem-addio-og-alier-i-norge\/\"},\"wordCount\":89,\"commentCount\":0,\"publisher\":{\"@id\":\"https:\/\/addio.eu\/da\/#organization\"},\"image\":{\"@id\":\"https:\/\/addio.eu\/da\/nyheder\/partnerskab-mellem-addio-og-alier-i-norge\/#primaryimage\"},\"thumbnailUrl\":\"https:\/\/addio.eu\/wp-content\/uploads\/2025\/03\/Alier-logo.png\",\"articleSection\":[\"Nyheder\"],\"inLanguage\":\"da-DK\",\"potentialAction\":[{\"@type\":\"CommentAction\",\"name\":\"Comment\",\"target\":[\"https:\/\/addio.eu\/da\/nyheder\/partnerskab-mellem-addio-og-alier-i-norge\/#respond\"]}]},{\"@type\":\"WebPage\",\"@id\":\"https:\/\/addio.eu\/da\/nyheder\/partnerskab-mellem-addio-og-alier-i-norge\/\",\"url\":\"https:\/\/addio.eu\/da\/nyheder\/partnerskab-mellem-addio-og-alier-i-norge\/\",\"name\":\"Partnerskab mellem Addio og Alier i Norge - Addio Electronics\",\"isPartOf\":{\"@id\":\"https:\/\/addio.eu\/da\/#website\"},\"primaryImageOfPage\":{\"@id\":\"https:\/\/addio.eu\/da\/nyheder\/partnerskab-mellem-addio-og-alier-i-norge\/#primaryimage\"},\"image\":{\"@id\":\"https:\/\/addio.eu\/da\/nyheder\/partnerskab-mellem-addio-og-alier-i-norge\/#primaryimage\"},\"thumbnailUrl\":\"https:\/\/addio.eu\/wp-content\/uploads\/2025\/03\/Alier-logo.png\",\"datePublished\":\"2025-03-12T14:51:43+00:00\",\"dateModified\":\"2025-10-07T11:25:18+00:00\",\"breadcrumb\":{\"@id\":\"https:\/\/addio.eu\/da\/nyheder\/partnerskab-mellem-addio-og-alier-i-norge\/#breadcrumb\"},\"inLanguage\":\"da-DK\",\"potentialAction\":[{\"@type\":\"ReadAction\",\"target\":[\"https:\/\/addio.eu\/da\/nyheder\/partnerskab-mellem-addio-og-alier-i-norge\/\"]}]},{\"@type\":\"ImageObject\",\"inLanguage\":\"da-DK\",\"@id\":\"https:\/\/addio.eu\/da\/nyheder\/partnerskab-mellem-addio-og-alier-i-norge\/#primaryimage\",\"url\":\"https:\/\/addio.eu\/wp-content\/uploads\/2025\/03\/Alier-logo.png\",\"contentUrl\":\"https:\/\/addio.eu\/wp-content\/uploads\/2025\/03\/Alier-logo.png\",\"width\":749,\"height\":288},{\"@type\":\"BreadcrumbList\",\"@id\":\"https:\/\/addio.eu\/da\/nyheder\/partnerskab-mellem-addio-og-alier-i-norge\/#breadcrumb\",\"itemListElement\":[{\"@type\":\"ListItem\",\"position\":1,\"name\":\"Home\",\"item\":\"https:\/\/addio.eu\/da\/addio-forside\/\"},{\"@type\":\"ListItem\",\"position\":2,\"name\":\"Partnerskab mellem Addio og Alier i Norge\"}]},{\"@type\":\"WebSite\",\"@id\":\"https:\/\/addio.eu\/da\/#website\",\"url\":\"https:\/\/addio.eu\/da\/\",\"name\":\"addio.eu\",\"description\":\"\",\"publisher\":{\"@id\":\"https:\/\/addio.eu\/da\/#organization\"},\"potentialAction\":[{\"@type\":\"SearchAction\",\"target\":{\"@type\":\"EntryPoint\",\"urlTemplate\":\"https:\/\/addio.eu\/da\/?s={search_term_string}\"},\"query-input\":{\"@type\":\"PropertyValueSpecification\",\"valueRequired\":true,\"valueName\":\"search_term_string\"}}],\"inLanguage\":\"da-DK\"},{\"@type\":\"Organization\",\"@id\":\"https:\/\/addio.eu\/da\/#organization\",\"name\":\"Addio elektronik\",\"url\":\"https:\/\/addio.eu\/da\/\",\"logo\":{\"@type\":\"ImageObject\",\"inLanguage\":\"da-DK\",\"@id\":\"https:\/\/addio.eu\/da\/#\/schema\/logo\/image\/\",\"url\":\"https:\/\/addio.eu\/wp-content\/uploads\/2024\/10\/Lager_1-1.svg\",\"contentUrl\":\"https:\/\/addio.eu\/wp-content\/uploads\/2024\/10\/Lager_1-1.svg\",\"caption\":\"Addio elektronik\"},\"image\":{\"@id\":\"https:\/\/addio.eu\/da\/#\/schema\/logo\/image\/\"},\"sameAs\":[\"https:\/\/www.facebook.com\/AddioElectronicsAB\/\",\"https:\/\/www.linkedin.com\/company\/addio-electronics-ab\"]},{\"@type\":\"Person\",\"@id\":\"https:\/\/addio.eu\/da\/#\/schema\/person\/91617accca4d373bec39ca5cf7df41ca\",\"name\":\"Christian Str\u00f6mblad\",\"image\":{\"@type\":\"ImageObject\",\"inLanguage\":\"da-DK\",\"@id\":\"https:\/\/addio.eu\/da\/#\/schema\/person\/image\/\",\"url\":\"https:\/\/secure.gravatar.com\/avatar\/fc7e565630ef0437746d725dc8a496c3bcbbee2a95baf374b54b74dcbd3e4999?s=96&d=mm&r=g\",\"contentUrl\":\"https:\/\/secure.gravatar.com\/avatar\/fc7e565630ef0437746d725dc8a496c3bcbbee2a95baf374b54b74dcbd3e4999?s=96&d=mm&r=g\",\"caption\":\"Christian Str\u00f6mblad\"},\"sameAs\":[\"https:\/\/addio.eu\"],\"url\":\"https:\/\/addio.eu\/da\/author\/christian-stromblad\/\"}]}<\/script>\n<!-- \/ Yoast SEO plugin. -->","yoast_head_json":{"title":"Partnerskab mellem Addio og Alier i Norge - Addio Electronics","robots":{"index":"index","follow":"follow","max-snippet":"max-snippet:-1","max-image-preview":"max-image-preview:large","max-video-preview":"max-video-preview:-1"},"canonical":"https:\/\/addio.eu\/da\/nyheder\/partnerskab-mellem-addio-og-alier-i-norge\/","og_locale":"da_DK","og_type":"article","og_title":"Partnerskab mellem Addio og Alier i Norge - Addio Electronics","og_description":"Vi er begejstrede for at kunne annoncere vores partnerskab med Alier AS, en af Norges st\u00f8rste specialister i k\u00f8ret\u00f8jstilpasning med 11 afdelinger fra nord til syd.","og_url":"https:\/\/addio.eu\/da\/nyheder\/partnerskab-mellem-addio-og-alier-i-norge\/","og_site_name":"Addio Electronics","article_publisher":"https:\/\/www.facebook.com\/AddioElectronicsAB\/","article_published_time":"2025-03-12T14:51:43+00:00","article_modified_time":"2025-10-07T11:25:18+00:00","og_image":[{"width":749,"height":288,"url":"https:\/\/addio.eu\/wp-content\/uploads\/2025\/03\/Alier-logo.png","type":"image\/png"}],"author":"Christian Str\u00f6mblad","twitter_card":"summary_large_image","twitter_misc":{"Skrevet af":"Christian Str\u00f6mblad"},"schema":{"@context":"https:\/\/schema.org","@graph":[{"@type":"Article","@id":"https:\/\/addio.eu\/da\/nyheder\/partnerskab-mellem-addio-og-alier-i-norge\/#article","isPartOf":{"@id":"https:\/\/addio.eu\/da\/nyheder\/partnerskab-mellem-addio-og-alier-i-norge\/"},"author":{"name":"Christian Str\u00f6mblad","@id":"https:\/\/addio.eu\/da\/#\/schema\/person\/91617accca4d373bec39ca5cf7df41ca"},"headline":"Partnerskab mellem Addio og Alier i Norge","datePublished":"2025-03-12T14:51:43+00:00","dateModified":"2025-10-07T11:25:18+00:00","mainEntityOfPage":{"@id":"https:\/\/addio.eu\/da\/nyheder\/partnerskab-mellem-addio-og-alier-i-norge\/"},"wordCount":89,"commentCount":0,"publisher":{"@id":"https:\/\/addio.eu\/da\/#organization"},"image":{"@id":"https:\/\/addio.eu\/da\/nyheder\/partnerskab-mellem-addio-og-alier-i-norge\/#primaryimage"},"thumbnailUrl":"https:\/\/addio.eu\/wp-content\/uploads\/2025\/03\/Alier-logo.png","articleSection":["Nyheder"],"inLanguage":"da-DK","potentialAction":[{"@type":"CommentAction","name":"Comment","target":["https:\/\/addio.eu\/da\/nyheder\/partnerskab-mellem-addio-og-alier-i-norge\/#respond"]}]},{"@type":"WebPage","@id":"https:\/\/addio.eu\/da\/nyheder\/partnerskab-mellem-addio-og-alier-i-norge\/","url":"https:\/\/addio.eu\/da\/nyheder\/partnerskab-mellem-addio-og-alier-i-norge\/","name":"Partnerskab mellem Addio og Alier i Norge - Addio Electronics","isPartOf":{"@id":"https:\/\/addio.eu\/da\/#website"},"primaryImageOfPage":{"@id":"https:\/\/addio.eu\/da\/nyheder\/partnerskab-mellem-addio-og-alier-i-norge\/#primaryimage"},"image":{"@id":"https:\/\/addio.eu\/da\/nyheder\/partnerskab-mellem-addio-og-alier-i-norge\/#primaryimage"},"thumbnailUrl":"https:\/\/addio.eu\/wp-content\/uploads\/2025\/03\/Alier-logo.png","datePublished":"2025-03-12T14:51:43+00:00","dateModified":"2025-10-07T11:25:18+00:00","breadcrumb":{"@id":"https:\/\/addio.eu\/da\/nyheder\/partnerskab-mellem-addio-og-alier-i-norge\/#breadcrumb"},"inLanguage":"da-DK","potentialAction":[{"@type":"ReadAction","target":["https:\/\/addio.eu\/da\/nyheder\/partnerskab-mellem-addio-og-alier-i-norge\/"]}]},{"@type":"ImageObject","inLanguage":"da-DK","@id":"https:\/\/addio.eu\/da\/nyheder\/partnerskab-mellem-addio-og-alier-i-norge\/#primaryimage","url":"https:\/\/addio.eu\/wp-content\/uploads\/2025\/03\/Alier-logo.png","contentUrl":"https:\/\/addio.eu\/wp-content\/uploads\/2025\/03\/Alier-logo.png","width":749,"height":288},{"@type":"BreadcrumbList","@id":"https:\/\/addio.eu\/da\/nyheder\/partnerskab-mellem-addio-og-alier-i-norge\/#breadcrumb","itemListElement":[{"@type":"ListItem","position":1,"name":"Home","item":"https:\/\/addio.eu\/da\/addio-forside\/"},{"@type":"ListItem","position":2,"name":"Partnerskab mellem Addio og Alier i Norge"}]},{"@type":"WebSite","@id":"https:\/\/addio.eu\/da\/#website","url":"https:\/\/addio.eu\/da\/","name":"addio.eu","description":"","publisher":{"@id":"https:\/\/addio.eu\/da\/#organization"},"potentialAction":[{"@type":"SearchAction","target":{"@type":"EntryPoint","urlTemplate":"https:\/\/addio.eu\/da\/?s={search_term_string}"},"query-input":{"@type":"PropertyValueSpecification","valueRequired":true,"valueName":"search_term_string"}}],"inLanguage":"da-DK"},{"@type":"Organization","@id":"https:\/\/addio.eu\/da\/#organization","name":"Addio elektronik","url":"https:\/\/addio.eu\/da\/","logo":{"@type":"ImageObject","inLanguage":"da-DK","@id":"https:\/\/addio.eu\/da\/#\/schema\/logo\/image\/","url":"https:\/\/addio.eu\/wp-content\/uploads\/2024\/10\/Lager_1-1.svg","contentUrl":"https:\/\/addio.eu\/wp-content\/uploads\/2024\/10\/Lager_1-1.svg","caption":"Addio elektronik"},"image":{"@id":"https:\/\/addio.eu\/da\/#\/schema\/logo\/image\/"},"sameAs":["https:\/\/www.facebook.com\/AddioElectronicsAB\/","https:\/\/www.linkedin.com\/company\/addio-electronics-ab"]},{"@type":"Person","@id":"https:\/\/addio.eu\/da\/#\/schema\/person\/91617accca4d373bec39ca5cf7df41ca","name":"Christian Str\u00f6mblad","image":{"@type":"ImageObject","inLanguage":"da-DK","@id":"https:\/\/addio.eu\/da\/#\/schema\/person\/image\/","url":"https:\/\/secure.gravatar.com\/avatar\/fc7e565630ef0437746d725dc8a496c3bcbbee2a95baf374b54b74dcbd3e4999?s=96&d=mm&r=g","contentUrl":"https:\/\/secure.gravatar.com\/avatar\/fc7e565630ef0437746d725dc8a496c3bcbbee2a95baf374b54b74dcbd3e4999?s=96&d=mm&r=g","caption":"Christian Str\u00f6mblad"},"sameAs":["https:\/\/addio.eu"],"url":"https:\/\/addio.eu\/da\/author\/christian-stromblad\/"}]}},"_links":{"self":[{"href":"https:\/\/addio.eu\/da\/wp-json\/wp\/v2\/posts\/9093","targetHints":{"allow":["GET"]}}],"collection":[{"href":"https:\/\/addio.eu\/da\/wp-json\/wp\/v2\/posts"}],"about":[{"href":"https:\/\/addio.eu\/da\/wp-json\/wp\/v2\/types\/post"}],"author":[{"embeddable":true,"href":"https:\/\/addio.eu\/da\/wp-json\/wp\/v2\/users\/4"}],"replies":[{"embeddable":true,"href":"https:\/\/addio.eu\/da\/wp-json\/wp\/v2\/comments?post=9093"}],"version-history":[{"count":1,"href":"https:\/\/addio.eu\/da\/wp-json\/wp\/v2\/posts\/9093\/revisions"}],"predecessor-version":[{"id":9099,"href":"https:\/\/addio.eu\/da\/wp-json\/wp\/v2\/posts\/9093\/revisions\/9099"}],"wp:featuredmedia":[{"embeddable":true,"href":"https:\/\/addio.eu\/da\/wp-json\/wp\/v2\/media\/9098"}],"wp:attachment":[{"href":"https:\/\/addio.eu\/da\/wp-json\/wp\/v2\/media?parent=9093"}],"wp:term":[{"taxonomy":"category","embeddable":true,"href":"https:\/\/addio.eu\/da\/wp-json\/wp\/v2\/categories?post=9093"},{"taxonomy":"post_tag","embeddable":true,"href":"https:\/\/addio.eu\/da\/wp-json\/wp\/v2\/tags?post=9093"}],"curies":[{"name":"wp","href":"https:\/\/api.w.org\/{rel}","templated":true}]}}